{"id":12378,"date":"2017-03-10T23:57:14","date_gmt":"2017-03-10T22:57:14","guid":{"rendered":"https:\/\/www.ccaniene.com\/?p=12378\/"},"modified":"2017-03-10T23:57:14","modified_gmt":"2017-03-10T22:57:14","slug":"bolelli-vola-semifinale-al-cachantun-open","status":"publish","type":"post","link":"https:\/\/www.ccaniene.com\/en\/bolelli-vola-semifinale-al-cachantun-open\/","title":{"rendered":"Bolelli vola in semifinale al Cachantun Open"},"content":{"rendered":"<p>Simone Bolelli continua a stupire nel suo primo torneo dopo il lungo stop. Il nostro atleta \u00e8 in semifinale nel Cachantun Open, Challenger Atp in corso di svolgimento sulla terra rossa di Santiago del Cile.<br \/>\nBolelli ha sconfitto in tre set l&#8217;argentino Leonardo Mayer (7-6, 4-6, 6-3) nel secondo turno del torneo, battendo poi con un perentorio doppio 6-4 il giapponese Taro Daniel, quarto favorito del seeding, nei quarti di finale.<br \/>\nIl prossimo ostacolo \u00e8 il pi\u00f9 duro: Simone affronter\u00e0 infatti la testa di serie numero 1, il brasiliano Rogerio Dutra Silva.<\/p>\n<p>Si ferma invece al secondo turno il cammino di Jacopo Berrettini nel main draw del Faro Future Portugal: il nostro atleta, dopo aver superato in tre set l&#8217;altro italiano Pietro Licciardi (6-1, 6-7, 7-5), si \u00e8 arreso allo spagnolo Zapata Miralles (6-1, 7-5) e a un forte dolore alla spalla, che ne ha condizionato la sfida. Il bilancio della trasferta lusitana \u00e8 comunque positivo, con preziosi punti ATP conquistati per salire nel ranking mondiale.<\/p>","protected":false},"excerpt":{"rendered":"<p>Simone Bolelli continua a stupire nel suo primo torneo dopo il lungo stop. Il nostro atleta \u00e8 in semifinale nel Cachantun Open, Challenger Atp in corso di svolgimento sulla terra rossa di Santiago del Cile. Bolelli ha sconfitto in tre set l&#8217;argentino Leonardo Mayer (7-6, 4-6, 6-3) nel secondo turno del torneo, battendo poi con [&hellip;]<\/p>","protected":false},"author":23521,"featured_media":7300,"comment_status":"open","ping_status":"closed","sticky":false,"template":"","format":"standard","meta":{"pmpro_default_level":0,"footnotes":"","_links_to":"","_links_to_target":""},"categories":[1,10],"tags":[],"class_list":["post-12378","post","type-post","status-publish","format-standard","has-post-thumbnail","hentry","category-news","category-tennis","pmpro-has-access"],"featured_image_urls":{"woocommerce_thumbnail":"https:\/\/www.ccaniene.com\/wp-content\/uploads\/2015\/01\/bolelli_doha-300x300.jpeg","woocommerce_gallery_thumbnail":"https:\/\/www.ccaniene.com\/wp-content\/uploads\/2015\/01\/bolelli_doha-100x100.jpeg","woocommerce_single":"https:\/\/www.ccaniene.com\/wp-content\/uploads\/2015\/01\/bolelli_doha-600x363.jpeg","thumbnail":"https:\/\/www.ccaniene.com\/wp-content\/uploads\/2015\/01\/bolelli_doha-400x393.jpeg"},"appp_media":null,"yoast_head":"<!-- This site is optimized with the Yoast SEO plugin v23.6 - https:\/\/yoast.com\/wordpress\/plugins\/seo\/ -->\n<title>Bolelli vola in semifinale al Cachantun Open - Circolo Canottieri Aniene<\/title>\n<meta name=\"robots\" content=\"index, follow, max-snippet:-1, max-image-preview:large, max-video-preview:-1\" \/>\n<link rel=\"canonical\" href=\"https:\/\/www.ccaniene.com\/en\/bolelli-vola-semifinale-al-cachantun-open\/\" \/>\n<meta property=\"og:locale\" content=\"en_GB\" \/>\n<meta property=\"og:type\" content=\"article\" \/>\n<meta property=\"og:title\" content=\"Bolelli vola in semifinale al Cachantun Open - Circolo Canottieri Aniene\" \/>\n<meta property=\"og:description\" content=\"Simone Bolelli continua a stupire nel suo primo torneo dopo il lungo stop. Il nostro atleta \u00e8 in semifinale nel Cachantun Open, Challenger Atp in corso di svolgimento sulla terra rossa di Santiago del Cile. Bolelli ha sconfitto in tre set l&#8217;argentino Leonardo Mayer (7-6, 4-6, 6-3) nel secondo turno del torneo, battendo poi con [&hellip;]\" \/>\n<meta property=\"og:url\" content=\"https:\/\/www.ccaniene.com\/en\/bolelli-vola-semifinale-al-cachantun-open\/\" \/>\n<meta property=\"og:site_name\" content=\"Circolo Canottieri Aniene\" \/>\n<meta property=\"article:published_time\" content=\"2017-03-10T22:57:14+00:00\" \/>\n<meta property=\"og:image\" content=\"https:\/\/www.ccaniene.com\/wp-content\/uploads\/2015\/01\/bolelli_doha.jpeg\" \/>\n\t<meta property=\"og:image:width\" content=\"650\" \/>\n\t<meta property=\"og:image:height\" content=\"393\" \/>\n\t<meta property=\"og:image:type\" content=\"image\/jpeg\" \/>\n<meta name=\"author\" content=\"carlo.san@tin.it\" \/>\n<meta name=\"twitter:card\" content=\"summary_large_image\" \/>\n<meta name=\"twitter:label1\" content=\"Written by\" \/>\n\t<meta name=\"twitter:data1\" content=\"carlo.san@tin.it\" \/>\n\t<meta name=\"twitter:label2\" content=\"Estimated reading time\" \/>\n\t<meta name=\"twitter:data2\" content=\"1 minute\" \/>\n<script type=\"application\/ld+json\" class=\"yoast-schema-graph\">{\"@context\":\"https:\/\/schema.org\",\"@graph\":[{\"@type\":\"WebPage\",\"@id\":\"https:\/\/www.ccaniene.com\/en\/bolelli-vola-semifinale-al-cachantun-open\/\",\"url\":\"https:\/\/www.ccaniene.com\/en\/bolelli-vola-semifinale-al-cachantun-open\/\",\"name\":\"Bolelli vola in semifinale al Cachantun Open - Circolo Canottieri Aniene\",\"isPartOf\":{\"@id\":\"https:\/\/www.ccaniene.com\/it_it\/#website\"},\"primaryImageOfPage\":{\"@id\":\"https:\/\/www.ccaniene.com\/en\/bolelli-vola-semifinale-al-cachantun-open\/#primaryimage\"},\"image\":{\"@id\":\"https:\/\/www.ccaniene.com\/en\/bolelli-vola-semifinale-al-cachantun-open\/#primaryimage\"},\"thumbnailUrl\":\"https:\/\/www.ccaniene.com\/wp-content\/uploads\/2015\/01\/bolelli_doha.jpeg\",\"datePublished\":\"2017-03-10T22:57:14+00:00\",\"dateModified\":\"2017-03-10T22:57:14+00:00\",\"author\":{\"@id\":\"https:\/\/www.ccaniene.com\/it_it\/#\/schema\/person\/6042bd0ba360674279dffd4247d570ed\"},\"breadcrumb\":{\"@id\":\"https:\/\/www.ccaniene.com\/en\/bolelli-vola-semifinale-al-cachantun-open\/#breadcrumb\"},\"inLanguage\":\"en-GB\",\"potentialAction\":[{\"@type\":\"ReadAction\",\"target\":[\"https:\/\/www.ccaniene.com\/en\/bolelli-vola-semifinale-al-cachantun-open\/\"]}]},{\"@type\":\"ImageObject\",\"inLanguage\":\"en-GB\",\"@id\":\"https:\/\/www.ccaniene.com\/en\/bolelli-vola-semifinale-al-cachantun-open\/#primaryimage\",\"url\":\"https:\/\/www.ccaniene.com\/wp-content\/uploads\/2015\/01\/bolelli_doha.jpeg\",\"contentUrl\":\"https:\/\/www.ccaniene.com\/wp-content\/uploads\/2015\/01\/bolelli_doha.jpeg\",\"width\":650,\"height\":393},{\"@type\":\"BreadcrumbList\",\"@id\":\"https:\/\/www.ccaniene.com\/en\/bolelli-vola-semifinale-al-cachantun-open\/#breadcrumb\",\"itemListElement\":[{\"@type\":\"ListItem\",\"position\":1,\"name\":\"Home\",\"item\":\"https:\/\/www.ccaniene.com\/it_it\/\"},{\"@type\":\"ListItem\",\"position\":2,\"name\":\"Bolelli vola in semifinale al Cachantun Open\"}]},{\"@type\":\"WebSite\",\"@id\":\"https:\/\/www.ccaniene.com\/it_it\/#website\",\"url\":\"https:\/\/www.ccaniene.com\/it_it\/\",\"name\":\"Circolo Canottieri Aniene\",\"description\":\"Collare d&#039;Oro e Stella d&#039;Oro al Merito Sportivo\",\"potentialAction\":[{\"@type\":\"SearchAction\",\"target\":{\"@type\":\"EntryPoint\",\"urlTemplate\":\"https:\/\/www.ccaniene.com\/it_it\/?s={search_term_string}\"},\"query-input\":{\"@type\":\"PropertyValueSpecification\",\"valueRequired\":true,\"valueName\":\"search_term_string\"}}],\"inLanguage\":\"en-GB\"},{\"@type\":\"Person\",\"@id\":\"https:\/\/www.ccaniene.com\/it_it\/#\/schema\/person\/6042bd0ba360674279dffd4247d570ed\",\"name\":\"carlo.san@tin.it\",\"image\":{\"@type\":\"ImageObject\",\"inLanguage\":\"en-GB\",\"@id\":\"https:\/\/www.ccaniene.com\/it_it\/#\/schema\/person\/image\/\",\"url\":\"https:\/\/secure.gravatar.com\/avatar\/f993a459d0ffe4d666e4c917fef20ca9?s=96&d=mm&r=g\",\"contentUrl\":\"https:\/\/secure.gravatar.com\/avatar\/f993a459d0ffe4d666e4c917fef20ca9?s=96&d=mm&r=g\",\"caption\":\"carlo.san@tin.it\"},\"url\":\"https:\/\/www.ccaniene.com\/en\/author\/carlo-santi-2\/\"}]}<\/script>\n<!-- \/ Yoast SEO plugin. -->","yoast_head_json":{"title":"Bolelli vola in semifinale al Cachantun Open - Circolo Canottieri Aniene","robots":{"index":"index","follow":"follow","max-snippet":"max-snippet:-1","max-image-preview":"max-image-preview:large","max-video-preview":"max-video-preview:-1"},"canonical":"https:\/\/www.ccaniene.com\/en\/bolelli-vola-semifinale-al-cachantun-open\/","og_locale":"en_GB","og_type":"article","og_title":"Bolelli vola in semifinale al Cachantun Open - Circolo Canottieri Aniene","og_description":"Simone Bolelli continua a stupire nel suo primo torneo dopo il lungo stop. Il nostro atleta \u00e8 in semifinale nel Cachantun Open, Challenger Atp in corso di svolgimento sulla terra rossa di Santiago del Cile. Bolelli ha sconfitto in tre set l&#8217;argentino Leonardo Mayer (7-6, 4-6, 6-3) nel secondo turno del torneo, battendo poi con [&hellip;]","og_url":"https:\/\/www.ccaniene.com\/en\/bolelli-vola-semifinale-al-cachantun-open\/","og_site_name":"Circolo Canottieri Aniene","article_published_time":"2017-03-10T22:57:14+00:00","og_image":[{"width":650,"height":393,"url":"https:\/\/www.ccaniene.com\/wp-content\/uploads\/2015\/01\/bolelli_doha.jpeg","type":"image\/jpeg"}],"author":"carlo.san@tin.it","twitter_card":"summary_large_image","twitter_misc":{"Written by":"carlo.san@tin.it","Estimated reading time":"1 minute"},"schema":{"@context":"https:\/\/schema.org","@graph":[{"@type":"WebPage","@id":"https:\/\/www.ccaniene.com\/en\/bolelli-vola-semifinale-al-cachantun-open\/","url":"https:\/\/www.ccaniene.com\/en\/bolelli-vola-semifinale-al-cachantun-open\/","name":"Bolelli vola in semifinale al Cachantun Open - Circolo Canottieri Aniene","isPartOf":{"@id":"https:\/\/www.ccaniene.com\/it_it\/#website"},"primaryImageOfPage":{"@id":"https:\/\/www.ccaniene.com\/en\/bolelli-vola-semifinale-al-cachantun-open\/#primaryimage"},"image":{"@id":"https:\/\/www.ccaniene.com\/en\/bolelli-vola-semifinale-al-cachantun-open\/#primaryimage"},"thumbnailUrl":"https:\/\/www.ccaniene.com\/wp-content\/uploads\/2015\/01\/bolelli_doha.jpeg","datePublished":"2017-03-10T22:57:14+00:00","dateModified":"2017-03-10T22:57:14+00:00","author":{"@id":"https:\/\/www.ccaniene.com\/it_it\/#\/schema\/person\/6042bd0ba360674279dffd4247d570ed"},"breadcrumb":{"@id":"https:\/\/www.ccaniene.com\/en\/bolelli-vola-semifinale-al-cachantun-open\/#breadcrumb"},"inLanguage":"en-GB","potentialAction":[{"@type":"ReadAction","target":["https:\/\/www.ccaniene.com\/en\/bolelli-vola-semifinale-al-cachantun-open\/"]}]},{"@type":"ImageObject","inLanguage":"en-GB","@id":"https:\/\/www.ccaniene.com\/en\/bolelli-vola-semifinale-al-cachantun-open\/#primaryimage","url":"https:\/\/www.ccaniene.com\/wp-content\/uploads\/2015\/01\/bolelli_doha.jpeg","contentUrl":"https:\/\/www.ccaniene.com\/wp-content\/uploads\/2015\/01\/bolelli_doha.jpeg","width":650,"height":393},{"@type":"BreadcrumbList","@id":"https:\/\/www.ccaniene.com\/en\/bolelli-vola-semifinale-al-cachantun-open\/#breadcrumb","itemListElement":[{"@type":"ListItem","position":1,"name":"Home","item":"https:\/\/www.ccaniene.com\/it_it\/"},{"@type":"ListItem","position":2,"name":"Bolelli vola in semifinale al Cachantun Open"}]},{"@type":"WebSite","@id":"https:\/\/www.ccaniene.com\/it_it\/#website","url":"https:\/\/www.ccaniene.com\/it_it\/","name":"Circolo Canottieri Aniene","description":"Collare d&#039;Oro e Stella d&#039;Oro al Merito Sportivo","potentialAction":[{"@type":"SearchAction","target":{"@type":"EntryPoint","urlTemplate":"https:\/\/www.ccaniene.com\/it_it\/?s={search_term_string}"},"query-input":{"@type":"PropertyValueSpecification","valueRequired":true,"valueName":"search_term_string"}}],"inLanguage":"en-GB"},{"@type":"Person","@id":"https:\/\/www.ccaniene.com\/it_it\/#\/schema\/person\/6042bd0ba360674279dffd4247d570ed","name":"carlo.san@tin.it","image":{"@type":"ImageObject","inLanguage":"en-GB","@id":"https:\/\/www.ccaniene.com\/it_it\/#\/schema\/person\/image\/","url":"https:\/\/secure.gravatar.com\/avatar\/f993a459d0ffe4d666e4c917fef20ca9?s=96&d=mm&r=g","contentUrl":"https:\/\/secure.gravatar.com\/avatar\/f993a459d0ffe4d666e4c917fef20ca9?s=96&d=mm&r=g","caption":"carlo.san@tin.it"},"url":"https:\/\/www.ccaniene.com\/en\/author\/carlo-santi-2\/"}]}},"_links":{"self":[{"href":"https:\/\/www.ccaniene.com\/en\/wp-json\/wp\/v2\/posts\/12378"}],"collection":[{"href":"https:\/\/www.ccaniene.com\/en\/wp-json\/wp\/v2\/posts"}],"about":[{"href":"https:\/\/www.ccaniene.com\/en\/wp-json\/wp\/v2\/types\/post"}],"author":[{"embeddable":true,"href":"https:\/\/www.ccaniene.com\/en\/wp-json\/wp\/v2\/users\/23521"}],"replies":[{"embeddable":true,"href":"https:\/\/www.ccaniene.com\/en\/wp-json\/wp\/v2\/comments?post=12378"}],"version-history":[{"count":1,"href":"https:\/\/www.ccaniene.com\/en\/wp-json\/wp\/v2\/posts\/12378\/revisions"}],"predecessor-version":[{"id":12379,"href":"https:\/\/www.ccaniene.com\/en\/wp-json\/wp\/v2\/posts\/12378\/revisions\/12379"}],"wp:featuredmedia":[{"embeddable":true,"href":"https:\/\/www.ccaniene.com\/en\/wp-json\/wp\/v2\/media\/7300"}],"wp:attachment":[{"href":"https:\/\/www.ccaniene.com\/en\/wp-json\/wp\/v2\/media?parent=12378"}],"wp:term":[{"taxonomy":"category","embeddable":true,"href":"https:\/\/www.ccaniene.com\/en\/wp-json\/wp\/v2\/categories?post=12378"},{"taxonomy":"post_tag","embeddable":true,"href":"https:\/\/www.ccaniene.com\/en\/wp-json\/wp\/v2\/tags?post=12378"}],"curies":[{"name":"wp","href":"https:\/\/api.w.org\/{rel}","templated":true}]}}