{"id":11602,"date":"2016-12-05T11:05:24","date_gmt":"2016-12-05T10:05:24","guid":{"rendered":"https:\/\/www.ccaniene.com\/?post_type=reciprocita&#038;p=11602\/"},"modified":"2023-12-20T12:13:09","modified_gmt":"2023-12-20T11:13:09","slug":"wiener-rennverein-vienna","status":"publish","type":"post","link":"https:\/\/www.ccaniene.com\/en\/wiener-rennverein-vienna\/","title":{"rendered":"Vienna &#8211; Wiener Rennverein"},"content":{"rendered":"<p>Il Wiener Rennverein \u00e8 stato fondato a Vienna il 7 marzo 1932 e dopo la fine della Seconda Guerra Mondiale \u00e8 stato trasferito nella sua attuale sede di Palazzo Pallavicini. Da allora il club \u00e8 diventato esplicitamente un&#8217;associazione apolitica e i suoi locali sono stati utilizzati fino ad oggi per promuovere la socializzazione, relazioni internazionali e attivit\u00e0&nbsp;culturali.<\/p>\n<p><a href=\"https:\/\/www.rennverein.at\/\" target=\"_blank\" rel=\"noopener\">Go to the website<\/a><\/p>","protected":false},"excerpt":{"rendered":"<p>Il Wiener Rennverein \u00e8 stato fondato a Vienna il 7 marzo 1932 e dopo la fine della Seconda Guerra Mondiale \u00e8 stato trasferito nella sua attuale sede di Palazzo Pallavicini. Da allora il club \u00e8 diventato esplicitamente un&#8217;associazione apolitica e i suoi locali sono stati utilizzati fino ad oggi per promuovere la socializzazione, relazioni internazionali [&hellip;]<\/p>","protected":false},"author":6630,"featured_media":11604,"comment_status":"closed","ping_status":"closed","sticky":false,"template":"","format":"standard","meta":{"pmpro_default_level":0,"footnotes":"","_links_to":"","_links_to_target":""},"categories":[223,221],"tags":[225],"class_list":["post-11602","post","type-post","status-publish","format-standard","has-post-thumbnail","hentry","category-estero","category-reciprocita","tag-estero","pmpro-has-access"],"featured_image_urls":{"thumbnail":"https:\/\/www.ccaniene.com\/wp-content\/uploads\/2016\/12\/vienna-400x400.jpg","medium_large":"https:\/\/www.ccaniene.com\/wp-content\/uploads\/2016\/12\/vienna-768x465.jpg"},"appp_media":null,"yoast_head":"<!-- This site is optimized with the Yoast SEO plugin v23.6 - https:\/\/yoast.com\/wordpress\/plugins\/seo\/ -->\n<title>Vienna - Wiener Rennverein - Circolo Canottieri Aniene<\/title>\n<meta name=\"robots\" content=\"index, follow, max-snippet:-1, max-image-preview:large, max-video-preview:-1\" \/>\n<link rel=\"canonical\" href=\"https:\/\/www.ccaniene.com\/en\/wiener-rennverein-vienna\/\" \/>\n<meta property=\"og:locale\" content=\"en_GB\" \/>\n<meta property=\"og:type\" content=\"article\" \/>\n<meta property=\"og:title\" content=\"Vienna - Wiener Rennverein - Circolo Canottieri Aniene\" \/>\n<meta property=\"og:description\" content=\"Il Wiener Rennverein \u00e8 stato fondato a Vienna il 7 marzo 1932 e dopo la fine della Seconda Guerra Mondiale \u00e8 stato trasferito nella sua attuale sede di Palazzo Pallavicini. Da allora il club \u00e8 diventato esplicitamente un&#8217;associazione apolitica e i suoi locali sono stati utilizzati fino ad oggi per promuovere la socializzazione, relazioni internazionali [&hellip;]\" \/>\n<meta property=\"og:url\" content=\"https:\/\/www.ccaniene.com\/en\/wiener-rennverein-vienna\/\" \/>\n<meta property=\"og:site_name\" content=\"Circolo Canottieri Aniene\" \/>\n<meta property=\"article:published_time\" content=\"2016-12-05T10:05:24+00:00\" \/>\n<meta property=\"article:modified_time\" content=\"2023-12-20T11:13:09+00:00\" \/>\n<meta property=\"og:image\" content=\"https:\/\/www.ccaniene.com\/wp-content\/uploads\/2016\/12\/vienna.jpg\" \/>\n\t<meta property=\"og:image:width\" content=\"800\" \/>\n\t<meta property=\"og:image:height\" content=\"484\" \/>\n\t<meta property=\"og:image:type\" content=\"image\/jpeg\" \/>\n<meta name=\"author\" content=\"ccaniene1892\" \/>\n<meta name=\"twitter:card\" content=\"summary_large_image\" \/>\n<meta name=\"twitter:label1\" content=\"Written by\" \/>\n\t<meta name=\"twitter:data1\" content=\"ccaniene1892\" \/>\n\t<meta name=\"twitter:label2\" content=\"Estimated reading time\" \/>\n\t<meta name=\"twitter:data2\" content=\"1 minute\" \/>\n<script type=\"application\/ld+json\" class=\"yoast-schema-graph\">{\"@context\":\"https:\/\/schema.org\",\"@graph\":[{\"@type\":\"WebPage\",\"@id\":\"https:\/\/www.ccaniene.com\/it_it\/wiener-rennverein-vienna\/\",\"url\":\"https:\/\/www.ccaniene.com\/it_it\/wiener-rennverein-vienna\/\",\"name\":\"Vienna - Wiener Rennverein - Circolo Canottieri Aniene\",\"isPartOf\":{\"@id\":\"https:\/\/www.ccaniene.com\/it_it\/#website\"},\"primaryImageOfPage\":{\"@id\":\"https:\/\/www.ccaniene.com\/it_it\/wiener-rennverein-vienna\/#primaryimage\"},\"image\":{\"@id\":\"https:\/\/www.ccaniene.com\/it_it\/wiener-rennverein-vienna\/#primaryimage\"},\"thumbnailUrl\":\"https:\/\/www.ccaniene.com\/wp-content\/uploads\/2016\/12\/vienna.jpg\",\"datePublished\":\"2016-12-05T10:05:24+00:00\",\"dateModified\":\"2023-12-20T11:13:09+00:00\",\"author\":{\"@id\":\"https:\/\/www.ccaniene.com\/it_it\/#\/schema\/person\/e9d8dc6c30c855799a336858c8ea05da\"},\"breadcrumb\":{\"@id\":\"https:\/\/www.ccaniene.com\/it_it\/wiener-rennverein-vienna\/#breadcrumb\"},\"inLanguage\":\"en-GB\",\"potentialAction\":[{\"@type\":\"ReadAction\",\"target\":[\"https:\/\/www.ccaniene.com\/it_it\/wiener-rennverein-vienna\/\"]}]},{\"@type\":\"ImageObject\",\"inLanguage\":\"en-GB\",\"@id\":\"https:\/\/www.ccaniene.com\/it_it\/wiener-rennverein-vienna\/#primaryimage\",\"url\":\"https:\/\/www.ccaniene.com\/wp-content\/uploads\/2016\/12\/vienna.jpg\",\"contentUrl\":\"https:\/\/www.ccaniene.com\/wp-content\/uploads\/2016\/12\/vienna.jpg\",\"width\":800,\"height\":484},{\"@type\":\"BreadcrumbList\",\"@id\":\"https:\/\/www.ccaniene.com\/it_it\/wiener-rennverein-vienna\/#breadcrumb\",\"itemListElement\":[{\"@type\":\"ListItem\",\"position\":1,\"name\":\"Home\",\"item\":\"https:\/\/www.ccaniene.com\/it_it\/\"},{\"@type\":\"ListItem\",\"position\":2,\"name\":\"Vienna &#8211; Wiener Rennverein\"}]},{\"@type\":\"WebSite\",\"@id\":\"https:\/\/www.ccaniene.com\/it_it\/#website\",\"url\":\"https:\/\/www.ccaniene.com\/it_it\/\",\"name\":\"Circolo Canottieri Aniene\",\"description\":\"Collare d&#039;Oro e Stella d&#039;Oro al Merito Sportivo\",\"potentialAction\":[{\"@type\":\"SearchAction\",\"target\":{\"@type\":\"EntryPoint\",\"urlTemplate\":\"https:\/\/www.ccaniene.com\/it_it\/?s={search_term_string}\"},\"query-input\":{\"@type\":\"PropertyValueSpecification\",\"valueRequired\":true,\"valueName\":\"search_term_string\"}}],\"inLanguage\":\"en-GB\"},{\"@type\":\"Person\",\"@id\":\"https:\/\/www.ccaniene.com\/it_it\/#\/schema\/person\/e9d8dc6c30c855799a336858c8ea05da\",\"name\":\"ccaniene1892\",\"image\":{\"@type\":\"ImageObject\",\"inLanguage\":\"en-GB\",\"@id\":\"https:\/\/www.ccaniene.com\/it_it\/#\/schema\/person\/image\/\",\"url\":\"https:\/\/secure.gravatar.com\/avatar\/3458910e74e84c55d38369b8a2dd355c?s=96&d=mm&r=g\",\"contentUrl\":\"https:\/\/secure.gravatar.com\/avatar\/3458910e74e84c55d38369b8a2dd355c?s=96&d=mm&r=g\",\"caption\":\"ccaniene1892\"},\"url\":\"https:\/\/www.ccaniene.com\/en\/author\/ccaniene1892\/\"}]}<\/script>\n<!-- \/ Yoast SEO plugin. -->","yoast_head_json":{"title":"Vienna - Wiener Rennverein - Circolo Canottieri Aniene","robots":{"index":"index","follow":"follow","max-snippet":"max-snippet:-1","max-image-preview":"max-image-preview:large","max-video-preview":"max-video-preview:-1"},"canonical":"https:\/\/www.ccaniene.com\/en\/wiener-rennverein-vienna\/","og_locale":"en_GB","og_type":"article","og_title":"Vienna - Wiener Rennverein - Circolo Canottieri Aniene","og_description":"Il Wiener Rennverein \u00e8 stato fondato a Vienna il 7 marzo 1932 e dopo la fine della Seconda Guerra Mondiale \u00e8 stato trasferito nella sua attuale sede di Palazzo Pallavicini. Da allora il club \u00e8 diventato esplicitamente un&#8217;associazione apolitica e i suoi locali sono stati utilizzati fino ad oggi per promuovere la socializzazione, relazioni internazionali [&hellip;]","og_url":"https:\/\/www.ccaniene.com\/en\/wiener-rennverein-vienna\/","og_site_name":"Circolo Canottieri Aniene","article_published_time":"2016-12-05T10:05:24+00:00","article_modified_time":"2023-12-20T11:13:09+00:00","og_image":[{"width":800,"height":484,"url":"https:\/\/www.ccaniene.com\/wp-content\/uploads\/2016\/12\/vienna.jpg","type":"image\/jpeg"}],"author":"ccaniene1892","twitter_card":"summary_large_image","twitter_misc":{"Written by":"ccaniene1892","Estimated reading time":"1 minute"},"schema":{"@context":"https:\/\/schema.org","@graph":[{"@type":"WebPage","@id":"https:\/\/www.ccaniene.com\/it_it\/wiener-rennverein-vienna\/","url":"https:\/\/www.ccaniene.com\/it_it\/wiener-rennverein-vienna\/","name":"Vienna - Wiener Rennverein - Circolo Canottieri Aniene","isPartOf":{"@id":"https:\/\/www.ccaniene.com\/it_it\/#website"},"primaryImageOfPage":{"@id":"https:\/\/www.ccaniene.com\/it_it\/wiener-rennverein-vienna\/#primaryimage"},"image":{"@id":"https:\/\/www.ccaniene.com\/it_it\/wiener-rennverein-vienna\/#primaryimage"},"thumbnailUrl":"https:\/\/www.ccaniene.com\/wp-content\/uploads\/2016\/12\/vienna.jpg","datePublished":"2016-12-05T10:05:24+00:00","dateModified":"2023-12-20T11:13:09+00:00","author":{"@id":"https:\/\/www.ccaniene.com\/it_it\/#\/schema\/person\/e9d8dc6c30c855799a336858c8ea05da"},"breadcrumb":{"@id":"https:\/\/www.ccaniene.com\/it_it\/wiener-rennverein-vienna\/#breadcrumb"},"inLanguage":"en-GB","potentialAction":[{"@type":"ReadAction","target":["https:\/\/www.ccaniene.com\/it_it\/wiener-rennverein-vienna\/"]}]},{"@type":"ImageObject","inLanguage":"en-GB","@id":"https:\/\/www.ccaniene.com\/it_it\/wiener-rennverein-vienna\/#primaryimage","url":"https:\/\/www.ccaniene.com\/wp-content\/uploads\/2016\/12\/vienna.jpg","contentUrl":"https:\/\/www.ccaniene.com\/wp-content\/uploads\/2016\/12\/vienna.jpg","width":800,"height":484},{"@type":"BreadcrumbList","@id":"https:\/\/www.ccaniene.com\/it_it\/wiener-rennverein-vienna\/#breadcrumb","itemListElement":[{"@type":"ListItem","position":1,"name":"Home","item":"https:\/\/www.ccaniene.com\/it_it\/"},{"@type":"ListItem","position":2,"name":"Vienna &#8211; Wiener Rennverein"}]},{"@type":"WebSite","@id":"https:\/\/www.ccaniene.com\/it_it\/#website","url":"https:\/\/www.ccaniene.com\/it_it\/","name":"Circolo Canottieri Aniene","description":"Collare d&#039;Oro e Stella d&#039;Oro al Merito Sportivo","potentialAction":[{"@type":"SearchAction","target":{"@type":"EntryPoint","urlTemplate":"https:\/\/www.ccaniene.com\/it_it\/?s={search_term_string}"},"query-input":{"@type":"PropertyValueSpecification","valueRequired":true,"valueName":"search_term_string"}}],"inLanguage":"en-GB"},{"@type":"Person","@id":"https:\/\/www.ccaniene.com\/it_it\/#\/schema\/person\/e9d8dc6c30c855799a336858c8ea05da","name":"ccaniene1892","image":{"@type":"ImageObject","inLanguage":"en-GB","@id":"https:\/\/www.ccaniene.com\/it_it\/#\/schema\/person\/image\/","url":"https:\/\/secure.gravatar.com\/avatar\/3458910e74e84c55d38369b8a2dd355c?s=96&d=mm&r=g","contentUrl":"https:\/\/secure.gravatar.com\/avatar\/3458910e74e84c55d38369b8a2dd355c?s=96&d=mm&r=g","caption":"ccaniene1892"},"url":"https:\/\/www.ccaniene.com\/en\/author\/ccaniene1892\/"}]}},"_links":{"self":[{"href":"https:\/\/www.ccaniene.com\/en\/wp-json\/wp\/v2\/posts\/11602"}],"collection":[{"href":"https:\/\/www.ccaniene.com\/en\/wp-json\/wp\/v2\/posts"}],"about":[{"href":"https:\/\/www.ccaniene.com\/en\/wp-json\/wp\/v2\/types\/post"}],"author":[{"embeddable":true,"href":"https:\/\/www.ccaniene.com\/en\/wp-json\/wp\/v2\/users\/6630"}],"replies":[{"embeddable":true,"href":"https:\/\/www.ccaniene.com\/en\/wp-json\/wp\/v2\/comments?post=11602"}],"version-history":[{"count":1,"href":"https:\/\/www.ccaniene.com\/en\/wp-json\/wp\/v2\/posts\/11602\/revisions"}],"predecessor-version":[{"id":28206,"href":"https:\/\/www.ccaniene.com\/en\/wp-json\/wp\/v2\/posts\/11602\/revisions\/28206"}],"wp:featuredmedia":[{"embeddable":true,"href":"https:\/\/www.ccaniene.com\/en\/wp-json\/wp\/v2\/media\/11604"}],"wp:attachment":[{"href":"https:\/\/www.ccaniene.com\/en\/wp-json\/wp\/v2\/media?parent=11602"}],"wp:term":[{"taxonomy":"category","embeddable":true,"href":"https:\/\/www.ccaniene.com\/en\/wp-json\/wp\/v2\/categories?post=11602"},{"taxonomy":"post_tag","embeddable":true,"href":"https:\/\/www.ccaniene.com\/en\/wp-json\/wp\/v2\/tags?post=11602"}],"curies":[{"name":"wp","href":"https:\/\/api.w.org\/{rel}","templated":true}]}}