{"id":10161,"date":"2016-07-13T18:46:40","date_gmt":"2016-07-13T16:46:40","guid":{"rendered":"https:\/\/www.ccaniene.com\/?p=10161"},"modified":"2016-07-17T14:34:39","modified_gmt":"2016-07-17T12:34:39","slug":"europei-vanelli-ruffini-oro-nel-team-event","status":"publish","type":"post","link":"https:\/\/www.ccaniene.com\/en\/europei-vanelli-ruffini-oro-nel-team-event\/","title":{"rendered":"Europei, Vanelli e Ruffini oro nel Team Event"},"content":{"rendered":"<p>I Campionati Europei di Nuoto di Fondo in acque libere vedono ancora brillare gli atleti del Circolo Canottieri Aniene. Dopo l&#8217;argento ottenuto da Federico Vanelli nella 5 km di ieri, nelle acque di Hoorn il nostro Federico ha centrato una straordinaria medaglia d&#8217;oro insieme a Simone Ruffini &#8211; anch&#8217;egli appartenente al Circolo Canottieri Aniene &#8211; e a Rachele Bruni nella 5 Km Team Event, chiusa con un crono eccezionale (55&#8217;59&#8243;3) e davanti alla Germania di ben 38 secondi. Terza piazza per l&#8217;Ungheria a 43 secondi.<\/p>\n<div id=\"attachment_9909\" style=\"width: 470px\" class=\"wp-caption aligncenter\"><a href=\"http:\/\/www.ccaniene.com\/wp-content\/uploads\/2016\/07\/Vanelli-Federico.jpg\"><img fetchpriority=\"high\" decoding=\"async\" aria-describedby=\"caption-attachment-9909\" class=\"wp-image-9909 size-medium\" src=\"http:\/\/www.ccaniene.com\/wp-content\/uploads\/2016\/07\/Vanelli-Federico-460x306.jpg\" alt=\"Federico Vanelli\" width=\"460\" height=\"306\" srcset=\"https:\/\/www.ccaniene.com\/wp-content\/uploads\/2016\/07\/Vanelli-Federico-460x306.jpg 460w, https:\/\/www.ccaniene.com\/wp-content\/uploads\/2016\/07\/Vanelli-Federico-768x512.jpg 768w, https:\/\/www.ccaniene.com\/wp-content\/uploads\/2016\/07\/Vanelli-Federico-300x200.jpg 300w, https:\/\/www.ccaniene.com\/wp-content\/uploads\/2016\/07\/Vanelli-Federico-870x580.jpg 870w, https:\/\/www.ccaniene.com\/wp-content\/uploads\/2016\/07\/Vanelli-Federico.jpg 887w\" sizes=\"(max-width: 460px) 100vw, 460px\" \/><\/a><p id=\"caption-attachment-9909\" class=\"wp-caption-text\">Federico Vanelli<\/p><\/div>\n<p>Se per Federico Vanelli \u00e8 la seconda medaglia continentale dopo l&#8217;argento di ieri, per Simone Ruffini, campione del mondo in carica della 25 chilometri (fu oro a Kazan nel 2015) \u00e8 la prima medaglia ottenuta in questa spedizione.<\/p>\n<div id=\"attachment_9908\" style=\"width: 470px\" class=\"wp-caption aligncenter\"><a href=\"http:\/\/www.ccaniene.com\/wp-content\/uploads\/2016\/07\/Ruffini-Simone.jpg\"><img decoding=\"async\" aria-describedby=\"caption-attachment-9908\" class=\"wp-image-9908 size-medium\" src=\"http:\/\/www.ccaniene.com\/wp-content\/uploads\/2016\/07\/Ruffini-Simone-460x306.jpg\" alt=\"Simone Ruffini\" width=\"460\" height=\"306\" \/><\/a><p id=\"caption-attachment-9908\" class=\"wp-caption-text\">Simone Ruffini<\/p><\/div>\n<p>Un risultato importantissimo, ottenuto nonostante una giornata pessima dal punto di vista climatico: cielo scurissimo, temperature basse e pioggia costante non hanno per\u00f2 fermato i nostri atleti, saldamente al comando gi\u00e0 al passaggio di met\u00e0 gara. Una medaglia che permette all&#8217;Italia di balzare momentaneamente in testa al medagliere.<\/p>\n<p>\u201cSiamo felici per questo titolo europeo &#8211; sono le parole di Simone Ruffini &#8211; visto che insieme a Federico siamo riusciti strategicamente a gestire molto bene la gara grazie al buono stato di forma sia nostro che di Rachele quale componente femminile del Team Event. In certe competizioni \u00e8 l\u2019unione della squadra che fa la differenza\u201d.<\/p>\n<p><a href=\"http:\/\/www.ccaniene.com\/wp-content\/uploads\/2015\/08\/20150727_AMas_VANELLI-Federico-RUFFINI-Simone_AM06166.jpg\"><img decoding=\"async\" class=\"aligncenter wp-image-8339 size-medium\" src=\"http:\/\/www.ccaniene.com\/wp-content\/uploads\/2015\/08\/20150727_AMas_VANELLI-Federico-RUFFINI-Simone_AM06166-460x306.jpg\" alt=\"XVI FINA World Championships Aquatics Swimming; VANELLI Federico RUFFINI Simone\" width=\"460\" height=\"306\" \/><\/a><\/p>","protected":false},"excerpt":{"rendered":"<p>I Campionati Europei di Nuoto di Fondo in acque libere vedono ancora brillare gli atleti del Circolo Canottieri Aniene. Dopo l&#8217;argento ottenuto da Federico Vanelli nella 5 km di ieri, nelle acque di Hoorn il nostro Federico ha centrato una straordinaria medaglia d&#8217;oro insieme a Simone Ruffini &#8211; anch&#8217;egli appartenente al Circolo Canottieri Aniene &#8211; [&hellip;]<\/p>","protected":false},"author":23521,"featured_media":10162,"comment_status":"open","ping_status":"closed","sticky":false,"template":"","format":"standard","meta":{"pmpro_default_level":0,"footnotes":"","_links_to":"","_links_to_target":""},"categories":[1,11],"tags":[],"class_list":["post-10161","post","type-post","status-publish","format-standard","has-post-thumbnail","hentry","category-news","category-nuoto","pmpro-has-access"],"featured_image_urls":{"medium":"https:\/\/www.ccaniene.com\/wp-content\/uploads\/2016\/07\/20160713GPer-Team-ITALY_GP11894-800x532.jpg","thumbnail":"https:\/\/www.ccaniene.com\/wp-content\/uploads\/2016\/07\/20160713GPer-Team-ITALY_GP11894-400x400.jpg","medium_large":"https:\/\/www.ccaniene.com\/wp-content\/uploads\/2016\/07\/20160713GPer-Team-ITALY_GP11894-768x511.jpg","1536x1536":"https:\/\/www.ccaniene.com\/wp-content\/uploads\/2016\/07\/20160713GPer-Team-ITALY_GP11894-1536x1021.jpg","slider":"https:\/\/www.ccaniene.com\/wp-content\/uploads\/2016\/07\/20160713GPer-Team-ITALY_GP11894-1805x1080.jpg"},"appp_media":null,"yoast_head":"<!-- This site is optimized with the Yoast SEO plugin v23.6 - https:\/\/yoast.com\/wordpress\/plugins\/seo\/ -->\n<title>Europei, Vanelli e Ruffini oro nel Team Event - Circolo Canottieri Aniene<\/title>\n<meta name=\"robots\" content=\"index, follow, max-snippet:-1, max-image-preview:large, max-video-preview:-1\" \/>\n<link rel=\"canonical\" href=\"https:\/\/www.ccaniene.com\/en\/europei-vanelli-ruffini-oro-nel-team-event\/\" \/>\n<meta property=\"og:locale\" content=\"en_GB\" \/>\n<meta property=\"og:type\" content=\"article\" \/>\n<meta property=\"og:title\" content=\"Europei, Vanelli e Ruffini oro nel Team Event - Circolo Canottieri Aniene\" \/>\n<meta property=\"og:description\" content=\"I Campionati Europei di Nuoto di Fondo in acque libere vedono ancora brillare gli atleti del Circolo Canottieri Aniene. Dopo l&#8217;argento ottenuto da Federico Vanelli nella 5 km di ieri, nelle acque di Hoorn il nostro Federico ha centrato una straordinaria medaglia d&#8217;oro insieme a Simone Ruffini &#8211; anch&#8217;egli appartenente al Circolo Canottieri Aniene &#8211; [&hellip;]\" \/>\n<meta property=\"og:url\" content=\"https:\/\/www.ccaniene.com\/en\/europei-vanelli-ruffini-oro-nel-team-event\/\" \/>\n<meta property=\"og:site_name\" content=\"Circolo Canottieri Aniene\" \/>\n<meta property=\"article:published_time\" content=\"2016-07-13T16:46:40+00:00\" \/>\n<meta property=\"article:modified_time\" content=\"2016-07-17T12:34:39+00:00\" \/>\n<meta property=\"og:image\" content=\"https:\/\/www.ccaniene.com\/wp-content\/uploads\/2016\/07\/20160713GPer-Team-ITALY_GP11894.jpg\" \/>\n\t<meta property=\"og:image:width\" content=\"1805\" \/>\n\t<meta property=\"og:image:height\" content=\"1200\" \/>\n\t<meta property=\"og:image:type\" content=\"image\/jpeg\" \/>\n<meta name=\"author\" content=\"carlo.san@tin.it\" \/>\n<meta name=\"twitter:card\" content=\"summary_large_image\" \/>\n<meta name=\"twitter:label1\" content=\"Written by\" \/>\n\t<meta name=\"twitter:data1\" content=\"carlo.san@tin.it\" \/>\n\t<meta name=\"twitter:label2\" content=\"Estimated reading time\" \/>\n\t<meta name=\"twitter:data2\" content=\"1 minute\" \/>\n<script type=\"application\/ld+json\" class=\"yoast-schema-graph\">{\"@context\":\"https:\/\/schema.org\",\"@graph\":[{\"@type\":\"WebPage\",\"@id\":\"https:\/\/www.ccaniene.com\/en\/europei-vanelli-ruffini-oro-nel-team-event\/\",\"url\":\"https:\/\/www.ccaniene.com\/en\/europei-vanelli-ruffini-oro-nel-team-event\/\",\"name\":\"Europei, Vanelli e Ruffini oro nel Team Event - Circolo Canottieri Aniene\",\"isPartOf\":{\"@id\":\"http:\/\/www.ccaniene.com\/it_it\/#website\"},\"primaryImageOfPage\":{\"@id\":\"https:\/\/www.ccaniene.com\/en\/europei-vanelli-ruffini-oro-nel-team-event\/#primaryimage\"},\"image\":{\"@id\":\"https:\/\/www.ccaniene.com\/en\/europei-vanelli-ruffini-oro-nel-team-event\/#primaryimage\"},\"thumbnailUrl\":\"https:\/\/www.ccaniene.com\/wp-content\/uploads\/2016\/07\/20160713GPer-Team-ITALY_GP11894.jpg\",\"datePublished\":\"2016-07-13T16:46:40+00:00\",\"dateModified\":\"2016-07-17T12:34:39+00:00\",\"author\":{\"@id\":\"http:\/\/www.ccaniene.com\/it_it\/#\/schema\/person\/6042bd0ba360674279dffd4247d570ed\"},\"breadcrumb\":{\"@id\":\"https:\/\/www.ccaniene.com\/en\/europei-vanelli-ruffini-oro-nel-team-event\/#breadcrumb\"},\"inLanguage\":\"en-GB\",\"potentialAction\":[{\"@type\":\"ReadAction\",\"target\":[\"https:\/\/www.ccaniene.com\/en\/europei-vanelli-ruffini-oro-nel-team-event\/\"]}]},{\"@type\":\"ImageObject\",\"inLanguage\":\"en-GB\",\"@id\":\"https:\/\/www.ccaniene.com\/en\/europei-vanelli-ruffini-oro-nel-team-event\/#primaryimage\",\"url\":\"https:\/\/www.ccaniene.com\/wp-content\/uploads\/2016\/07\/20160713GPer-Team-ITALY_GP11894.jpg\",\"contentUrl\":\"https:\/\/www.ccaniene.com\/wp-content\/uploads\/2016\/07\/20160713GPer-Team-ITALY_GP11894.jpg\",\"width\":1805,\"height\":1200,\"caption\":\"Team ITALY Gold medal - BRUNI Rachele, RUFFINI Simone, VANELLI Federico Hoorn, Netherlands LEN 2016 European Open Water Swimming Championships Open Water Swimming 5km Team Event Mixed Day 03 13-07-2016 Photo Giorgio Perottino\/Deepbluemedia\/Insidefoto\"},{\"@type\":\"BreadcrumbList\",\"@id\":\"https:\/\/www.ccaniene.com\/en\/europei-vanelli-ruffini-oro-nel-team-event\/#breadcrumb\",\"itemListElement\":[{\"@type\":\"ListItem\",\"position\":1,\"name\":\"Home\",\"item\":\"http:\/\/www.ccaniene.com\/it_it\/\"},{\"@type\":\"ListItem\",\"position\":2,\"name\":\"Europei, Vanelli e Ruffini oro nel Team Event\"}]},{\"@type\":\"WebSite\",\"@id\":\"http:\/\/www.ccaniene.com\/it_it\/#website\",\"url\":\"http:\/\/www.ccaniene.com\/it_it\/\",\"name\":\"Circolo Canottieri Aniene\",\"description\":\"Collare d&#039;Oro e Stella d&#039;Oro al Merito Sportivo\",\"potentialAction\":[{\"@type\":\"SearchAction\",\"target\":{\"@type\":\"EntryPoint\",\"urlTemplate\":\"http:\/\/www.ccaniene.com\/it_it\/?s={search_term_string}\"},\"query-input\":{\"@type\":\"PropertyValueSpecification\",\"valueRequired\":true,\"valueName\":\"search_term_string\"}}],\"inLanguage\":\"en-GB\"},{\"@type\":\"Person\",\"@id\":\"http:\/\/www.ccaniene.com\/it_it\/#\/schema\/person\/6042bd0ba360674279dffd4247d570ed\",\"name\":\"carlo.san@tin.it\",\"image\":{\"@type\":\"ImageObject\",\"inLanguage\":\"en-GB\",\"@id\":\"http:\/\/www.ccaniene.com\/it_it\/#\/schema\/person\/image\/\",\"url\":\"https:\/\/secure.gravatar.com\/avatar\/f993a459d0ffe4d666e4c917fef20ca9?s=96&d=mm&r=g\",\"contentUrl\":\"https:\/\/secure.gravatar.com\/avatar\/f993a459d0ffe4d666e4c917fef20ca9?s=96&d=mm&r=g\",\"caption\":\"carlo.san@tin.it\"},\"url\":\"https:\/\/www.ccaniene.com\/en\/author\/carlo-santi-2\/\"}]}<\/script>\n<!-- \/ Yoast SEO plugin. -->","yoast_head_json":{"title":"Europei, Vanelli e Ruffini oro nel Team Event - Circolo Canottieri Aniene","robots":{"index":"index","follow":"follow","max-snippet":"max-snippet:-1","max-image-preview":"max-image-preview:large","max-video-preview":"max-video-preview:-1"},"canonical":"https:\/\/www.ccaniene.com\/en\/europei-vanelli-ruffini-oro-nel-team-event\/","og_locale":"en_GB","og_type":"article","og_title":"Europei, Vanelli e Ruffini oro nel Team Event - Circolo Canottieri Aniene","og_description":"I Campionati Europei di Nuoto di Fondo in acque libere vedono ancora brillare gli atleti del Circolo Canottieri Aniene. Dopo l&#8217;argento ottenuto da Federico Vanelli nella 5 km di ieri, nelle acque di Hoorn il nostro Federico ha centrato una straordinaria medaglia d&#8217;oro insieme a Simone Ruffini &#8211; anch&#8217;egli appartenente al Circolo Canottieri Aniene &#8211; [&hellip;]","og_url":"https:\/\/www.ccaniene.com\/en\/europei-vanelli-ruffini-oro-nel-team-event\/","og_site_name":"Circolo Canottieri Aniene","article_published_time":"2016-07-13T16:46:40+00:00","article_modified_time":"2016-07-17T12:34:39+00:00","og_image":[{"width":1805,"height":1200,"url":"https:\/\/www.ccaniene.com\/wp-content\/uploads\/2016\/07\/20160713GPer-Team-ITALY_GP11894.jpg","type":"image\/jpeg"}],"author":"carlo.san@tin.it","twitter_card":"summary_large_image","twitter_misc":{"Written by":"carlo.san@tin.it","Estimated reading time":"1 minute"},"schema":{"@context":"https:\/\/schema.org","@graph":[{"@type":"WebPage","@id":"https:\/\/www.ccaniene.com\/en\/europei-vanelli-ruffini-oro-nel-team-event\/","url":"https:\/\/www.ccaniene.com\/en\/europei-vanelli-ruffini-oro-nel-team-event\/","name":"Europei, Vanelli e Ruffini oro nel Team Event - Circolo Canottieri Aniene","isPartOf":{"@id":"http:\/\/www.ccaniene.com\/it_it\/#website"},"primaryImageOfPage":{"@id":"https:\/\/www.ccaniene.com\/en\/europei-vanelli-ruffini-oro-nel-team-event\/#primaryimage"},"image":{"@id":"https:\/\/www.ccaniene.com\/en\/europei-vanelli-ruffini-oro-nel-team-event\/#primaryimage"},"thumbnailUrl":"https:\/\/www.ccaniene.com\/wp-content\/uploads\/2016\/07\/20160713GPer-Team-ITALY_GP11894.jpg","datePublished":"2016-07-13T16:46:40+00:00","dateModified":"2016-07-17T12:34:39+00:00","author":{"@id":"http:\/\/www.ccaniene.com\/it_it\/#\/schema\/person\/6042bd0ba360674279dffd4247d570ed"},"breadcrumb":{"@id":"https:\/\/www.ccaniene.com\/en\/europei-vanelli-ruffini-oro-nel-team-event\/#breadcrumb"},"inLanguage":"en-GB","potentialAction":[{"@type":"ReadAction","target":["https:\/\/www.ccaniene.com\/en\/europei-vanelli-ruffini-oro-nel-team-event\/"]}]},{"@type":"ImageObject","inLanguage":"en-GB","@id":"https:\/\/www.ccaniene.com\/en\/europei-vanelli-ruffini-oro-nel-team-event\/#primaryimage","url":"https:\/\/www.ccaniene.com\/wp-content\/uploads\/2016\/07\/20160713GPer-Team-ITALY_GP11894.jpg","contentUrl":"https:\/\/www.ccaniene.com\/wp-content\/uploads\/2016\/07\/20160713GPer-Team-ITALY_GP11894.jpg","width":1805,"height":1200,"caption":"Team ITALY Gold medal - BRUNI Rachele, RUFFINI Simone, VANELLI Federico Hoorn, Netherlands LEN 2016 European Open Water Swimming Championships Open Water Swimming 5km Team Event Mixed Day 03 13-07-2016 Photo Giorgio Perottino\/Deepbluemedia\/Insidefoto"},{"@type":"BreadcrumbList","@id":"https:\/\/www.ccaniene.com\/en\/europei-vanelli-ruffini-oro-nel-team-event\/#breadcrumb","itemListElement":[{"@type":"ListItem","position":1,"name":"Home","item":"http:\/\/www.ccaniene.com\/it_it\/"},{"@type":"ListItem","position":2,"name":"Europei, Vanelli e Ruffini oro nel Team Event"}]},{"@type":"WebSite","@id":"http:\/\/www.ccaniene.com\/it_it\/#website","url":"http:\/\/www.ccaniene.com\/it_it\/","name":"Circolo Canottieri Aniene","description":"Collare d&#039;Oro e Stella d&#039;Oro al Merito Sportivo","potentialAction":[{"@type":"SearchAction","target":{"@type":"EntryPoint","urlTemplate":"http:\/\/www.ccaniene.com\/it_it\/?s={search_term_string}"},"query-input":{"@type":"PropertyValueSpecification","valueRequired":true,"valueName":"search_term_string"}}],"inLanguage":"en-GB"},{"@type":"Person","@id":"http:\/\/www.ccaniene.com\/it_it\/#\/schema\/person\/6042bd0ba360674279dffd4247d570ed","name":"carlo.san@tin.it","image":{"@type":"ImageObject","inLanguage":"en-GB","@id":"http:\/\/www.ccaniene.com\/it_it\/#\/schema\/person\/image\/","url":"https:\/\/secure.gravatar.com\/avatar\/f993a459d0ffe4d666e4c917fef20ca9?s=96&d=mm&r=g","contentUrl":"https:\/\/secure.gravatar.com\/avatar\/f993a459d0ffe4d666e4c917fef20ca9?s=96&d=mm&r=g","caption":"carlo.san@tin.it"},"url":"https:\/\/www.ccaniene.com\/en\/author\/carlo-santi-2\/"}]}},"_links":{"self":[{"href":"https:\/\/www.ccaniene.com\/en\/wp-json\/wp\/v2\/posts\/10161"}],"collection":[{"href":"https:\/\/www.ccaniene.com\/en\/wp-json\/wp\/v2\/posts"}],"about":[{"href":"https:\/\/www.ccaniene.com\/en\/wp-json\/wp\/v2\/types\/post"}],"author":[{"embeddable":true,"href":"https:\/\/www.ccaniene.com\/en\/wp-json\/wp\/v2\/users\/23521"}],"replies":[{"embeddable":true,"href":"https:\/\/www.ccaniene.com\/en\/wp-json\/wp\/v2\/comments?post=10161"}],"version-history":[{"count":3,"href":"https:\/\/www.ccaniene.com\/en\/wp-json\/wp\/v2\/posts\/10161\/revisions"}],"predecessor-version":[{"id":10222,"href":"https:\/\/www.ccaniene.com\/en\/wp-json\/wp\/v2\/posts\/10161\/revisions\/10222"}],"wp:featuredmedia":[{"embeddable":true,"href":"https:\/\/www.ccaniene.com\/en\/wp-json\/wp\/v2\/media\/10162"}],"wp:attachment":[{"href":"https:\/\/www.ccaniene.com\/en\/wp-json\/wp\/v2\/media?parent=10161"}],"wp:term":[{"taxonomy":"category","embeddable":true,"href":"https:\/\/www.ccaniene.com\/en\/wp-json\/wp\/v2\/categories?post=10161"},{"taxonomy":"post_tag","embeddable":true,"href":"https:\/\/www.ccaniene.com\/en\/wp-json\/wp\/v2\/tags?post=10161"}],"curies":[{"name":"wp","href":"https:\/\/api.w.org\/{rel}","templated":true}]}}