{"id":20673,"date":"2021-05-19T21:13:14","date_gmt":"2021-05-19T19:13:14","guid":{"rendered":"https:\/\/www.ccaniene.com\/?p=20673"},"modified":"2021-05-19T21:32:03","modified_gmt":"2021-05-19T19:32:03","slug":"europei-federica-pellegrini-si-prende-la-sesta-finale-continentale-nei-200sl-di-cola-bronzo-con-la-4x200sl","status":"publish","type":"post","link":"http:\/\/www.ccaniene.com\/it_it\/europei-federica-pellegrini-si-prende-la-sesta-finale-continentale-nei-200sl-di-cola-bronzo-con-la-4x200sl\/","title":{"rendered":"Europei, Federica Pellegrini si prende la sesta finale continentale nei 200sl. Di Cola bronzo con la 4x200sl"},"content":{"rendered":"\n<p>Nel giorno dello straordinario primato italiano di Alessandro Miressi nei 100sl con 47\u201d45 che gli ha fruttato la medaglia d\u2019argento, la terza giornata dei campionati Europei alla Duna Arena di Budapest, \u00e8 arrivato il bronzo con la 4x200sl nella quale ha nuotato, in ultima frazione, Stefano Di Cola. Federica Pellegrini, intanto, si \u00e8 presa la sesta finale europea nei 200sl. La prima volta \u00e8 lontana nel tempo, a Madrid nel 2004 poco prima dello splendido secondo posto olimpico ad Atene. In Spagna, Fede si piazz\u00f2 quarta prima dei successi a Budapest 2010, Debrecen 2012, Berlino 2014 e Londra 2016 con, in mezzo, la contestata squalifica in partenza nella batteria dell\u2019edizione di Eindhoven 2008.<\/p>\n\n\n\n<p>La Divina in batteria la mattina ha nuotato con apparente facilit\u00e0 in 1\u201958\u201d33, terzo tempo del turno; in semifinale, nel pomeriggio, l\u2019atleta allenata da Matteo Giunta, socio per meriti sportivi dell\u2019Aniene, ha toccato in 1\u201957\u201d47, tempo che \u00e8 il terzo delle finaliste. Davanti, ci sono la ceca Barbora Semanova (1\u201957\u201d20) e la francese Charlotte Bonnet (1\u201957\u201d30).<\/p>\n\n\n\n<p>\u00abHo nuotato un secondo in meno rispetto alla mattina &#8211; ha osservato Federica &#8211; era quello che ci eravamo prefissati. Il riposo di domani mattina mi serve perch\u00e9 sto sentendo un po\u2019 la stanchezza. Domani parto dalla corsia 3, la mia preferita\u00bb.<\/p>\n\n\n\n<p>\u00c8 uscito dalla finale, invece, Edoardo Giorgetti che nei 200 rara ha ottenuto l\u2019undicesimo tempo con 2\u201910\u201d50.<\/p>\n\n\n\n<figure class=\"wp-block-gallery columns-1 is-cropped wp-block-gallery-1 is-layout-flex wp-block-gallery-is-layout-flex\"><ul class=\"blocks-gallery-grid\"><li class=\"blocks-gallery-item\"><figure><img fetchpriority=\"high\" decoding=\"async\" width=\"800\" height=\"450\" src=\"http:\/\/www.ccaniene.com\/wp-content\/uploads\/2021\/05\/4x200sl.jpg\" alt=\"\" data-id=\"20676\" data-full-url=\"http:\/\/www.ccaniene.com\/wp-content\/uploads\/2021\/05\/4x200sl.jpg\" data-link=\"https:\/\/www.ccaniene.com\/?attachment_id=20676\" class=\"wp-image-20676\" srcset=\"http:\/\/www.ccaniene.com\/wp-content\/uploads\/2021\/05\/4x200sl.jpg 800w, http:\/\/www.ccaniene.com\/wp-content\/uploads\/2021\/05\/4x200sl-768x432.jpg 768w\" sizes=\"(max-width: 800px) 100vw, 800px\" \/><figcaption class=\"blocks-gallery-item__caption\">BALLO Stefano, CIAMPI Matteo, DE TULLIO Marco,  DI COLA Stefano<\/figcaption><\/figure><\/li><\/ul><\/figure>\n\n\n\n<p>Dicevamo del bronzo con la 4x200sl che in chiusura di giornata ha ottenuto il tempo di 7\u201906\u201d05. L\u2019oro \u00e8 andato russi Martyn Malyutin, Aleksandr Shchegolev, Alexander Krasnykh e Mikail Vekovishchev in 7\u201903\u201d48 e l\u2019argento ai britannici Thomas Dean, Matthew Richards, James Guy e Duncan Scott in 7\u201904\u201d&#8217;61. Gli azzurri si sono scatenati con Stefano Ballo che in avvio ha centrato la quarta prestazione personale di sempre in 1\u201947\u201d30. Matteo Ciampi si \u00e8 confermato con un buon 1\u201946\u201d02 prima della terza frazione di Marco De Tullio (1\u201946\u201d02) che ha riportato la squadra a ridosso della Gran Bretagna. Chiusura affidata a Stefano Di Cola: l\u2019atleta del CC Aniene ha sbaragliato definitivamente la concorrenza con una frazione lanciata in 1\u201946\u201d56. \u00abHo sentito un po\u2019 la fatica di ieri pomeriggio &#8211; ha detto Di Cola, gi\u00e0 bronzo con la 4&#215;200 mixed &#8211; Per\u00f2 \u00e8 andata benissimo\u00bb.<\/p>\n\n\n\n<p><\/p>\n\n\n\n<p>Foto Andrea Staccioli \/ Inside DBM <\/p>\n","protected":false},"excerpt":{"rendered":"<p>Nel giorno dello straordinario primato italiano di Alessandro Miressi nei 100sl con 47\u201d45 che gli ha fruttato la medaglia d\u2019argento, la terza giornata dei campionati Europei alla Duna Arena di Budapest, \u00e8 arrivato il bronzo con la 4x200sl nella quale ha nuotato, in ultima frazione, Stefano Di Cola. Federica Pellegrini, intanto, si \u00e8 presa la [&hellip;]<\/p>\n","protected":false},"author":23521,"featured_media":20674,"comment_status":"closed","ping_status":"closed","sticky":true,"template":"","format":"standard","meta":{"pmpro_default_level":0,"footnotes":"","_links_to":"","_links_to_target":""},"categories":[1,11],"tags":[],"class_list":["post-20673","post","type-post","status-publish","format-standard","has-post-thumbnail","hentry","category-news","category-nuoto","pmpro-has-access"],"featured_image_urls":{"thumbnail":"http:\/\/www.ccaniene.com\/wp-content\/uploads\/2021\/05\/federicaBudapest-400x400.jpg","medium_large":"http:\/\/www.ccaniene.com\/wp-content\/uploads\/2021\/05\/federicaBudapest-768x432.jpg"},"appp_media":null,"yoast_head":"<!-- This site is optimized with the Yoast SEO plugin v23.6 - https:\/\/yoast.com\/wordpress\/plugins\/seo\/ -->\n<title>Europei, Federica Pellegrini si prende la sesta finale continentale nei 200sl. Di Cola bronzo con la 4x200sl - Circolo Canottieri Aniene<\/title>\n<meta name=\"robots\" content=\"index, follow, max-snippet:-1, max-image-preview:large, max-video-preview:-1\" \/>\n<link rel=\"canonical\" href=\"https:\/\/www.ccaniene.com\/it_it\/europei-federica-pellegrini-si-prende-la-sesta-finale-continentale-nei-200sl-di-cola-bronzo-con-la-4x200sl\/\" \/>\n<meta property=\"og:locale\" content=\"it_IT\" \/>\n<meta property=\"og:type\" content=\"article\" \/>\n<meta property=\"og:title\" content=\"Europei, Federica Pellegrini si prende la sesta finale continentale nei 200sl. Di Cola bronzo con la 4x200sl - Circolo Canottieri Aniene\" \/>\n<meta property=\"og:description\" content=\"Nel giorno dello straordinario primato italiano di Alessandro Miressi nei 100sl con 47\u201d45 che gli ha fruttato la medaglia d\u2019argento, la terza giornata dei campionati Europei alla Duna Arena di Budapest, \u00e8 arrivato il bronzo con la 4x200sl nella quale ha nuotato, in ultima frazione, Stefano Di Cola. Federica Pellegrini, intanto, si \u00e8 presa la [&hellip;]\" \/>\n<meta property=\"og:url\" content=\"https:\/\/www.ccaniene.com\/it_it\/europei-federica-pellegrini-si-prende-la-sesta-finale-continentale-nei-200sl-di-cola-bronzo-con-la-4x200sl\/\" \/>\n<meta property=\"og:site_name\" content=\"Circolo Canottieri Aniene\" \/>\n<meta property=\"article:published_time\" content=\"2021-05-19T19:13:14+00:00\" \/>\n<meta property=\"article:modified_time\" content=\"2021-05-19T19:32:03+00:00\" \/>\n<meta property=\"og:image\" content=\"https:\/\/www.ccaniene.com\/wp-content\/uploads\/2021\/05\/federicaBudapest.jpg\" \/>\n\t<meta property=\"og:image:width\" content=\"800\" \/>\n\t<meta property=\"og:image:height\" content=\"450\" \/>\n\t<meta property=\"og:image:type\" content=\"image\/jpeg\" \/>\n<meta name=\"author\" content=\"carlo.san@tin.it\" \/>\n<meta name=\"twitter:card\" content=\"summary_large_image\" \/>\n<meta name=\"twitter:label1\" content=\"Scritto da\" \/>\n\t<meta name=\"twitter:data1\" content=\"carlo.san@tin.it\" \/>\n\t<meta name=\"twitter:label2\" content=\"Tempo di lettura stimato\" \/>\n\t<meta name=\"twitter:data2\" content=\"2 minuti\" \/>\n<script type=\"application\/ld+json\" class=\"yoast-schema-graph\">{\"@context\":\"https:\/\/schema.org\",\"@graph\":[{\"@type\":\"WebPage\",\"@id\":\"https:\/\/www.ccaniene.com\/en\/europei-federica-pellegrini-si-prende-la-sesta-finale-continentale-nei-200sl-di-cola-bronzo-con-la-4x200sl\/\",\"url\":\"https:\/\/www.ccaniene.com\/en\/europei-federica-pellegrini-si-prende-la-sesta-finale-continentale-nei-200sl-di-cola-bronzo-con-la-4x200sl\/\",\"name\":\"Europei, Federica Pellegrini si prende la sesta finale continentale nei 200sl. Di Cola bronzo con la 4x200sl - Circolo Canottieri Aniene\",\"isPartOf\":{\"@id\":\"http:\/\/www.ccaniene.com\/it_it\/#website\"},\"primaryImageOfPage\":{\"@id\":\"https:\/\/www.ccaniene.com\/en\/europei-federica-pellegrini-si-prende-la-sesta-finale-continentale-nei-200sl-di-cola-bronzo-con-la-4x200sl\/#primaryimage\"},\"image\":{\"@id\":\"https:\/\/www.ccaniene.com\/en\/europei-federica-pellegrini-si-prende-la-sesta-finale-continentale-nei-200sl-di-cola-bronzo-con-la-4x200sl\/#primaryimage\"},\"thumbnailUrl\":\"http:\/\/www.ccaniene.com\/wp-content\/uploads\/2021\/05\/federicaBudapest.jpg\",\"datePublished\":\"2021-05-19T19:13:14+00:00\",\"dateModified\":\"2021-05-19T19:32:03+00:00\",\"author\":{\"@id\":\"http:\/\/www.ccaniene.com\/it_it\/#\/schema\/person\/6042bd0ba360674279dffd4247d570ed\"},\"breadcrumb\":{\"@id\":\"https:\/\/www.ccaniene.com\/en\/europei-federica-pellegrini-si-prende-la-sesta-finale-continentale-nei-200sl-di-cola-bronzo-con-la-4x200sl\/#breadcrumb\"},\"inLanguage\":\"it-IT\",\"potentialAction\":[{\"@type\":\"ReadAction\",\"target\":[\"https:\/\/www.ccaniene.com\/en\/europei-federica-pellegrini-si-prende-la-sesta-finale-continentale-nei-200sl-di-cola-bronzo-con-la-4x200sl\/\"]}]},{\"@type\":\"ImageObject\",\"inLanguage\":\"it-IT\",\"@id\":\"https:\/\/www.ccaniene.com\/en\/europei-federica-pellegrini-si-prende-la-sesta-finale-continentale-nei-200sl-di-cola-bronzo-con-la-4x200sl\/#primaryimage\",\"url\":\"http:\/\/www.ccaniene.com\/wp-content\/uploads\/2021\/05\/federicaBudapest.jpg\",\"contentUrl\":\"http:\/\/www.ccaniene.com\/wp-content\/uploads\/2021\/05\/federicaBudapest.jpg\",\"width\":800,\"height\":450,\"caption\":\"PELLEGRINI Federica ITA 200 Freestyle Women Semifinal Swimming Budapest - Hungary 19\/5\/2021 Duna Arena XXXV LEN European Aquatic Championships Photo Andrea Staccioli \/ Deepbluemedia \/ Insidefoto\"},{\"@type\":\"BreadcrumbList\",\"@id\":\"https:\/\/www.ccaniene.com\/en\/europei-federica-pellegrini-si-prende-la-sesta-finale-continentale-nei-200sl-di-cola-bronzo-con-la-4x200sl\/#breadcrumb\",\"itemListElement\":[{\"@type\":\"ListItem\",\"position\":1,\"name\":\"Home\",\"item\":\"http:\/\/www.ccaniene.com\/it_it\/\"},{\"@type\":\"ListItem\",\"position\":2,\"name\":\"Europei, Federica Pellegrini si prende la sesta finale continentale nei 200sl. Di Cola bronzo con la 4x200sl\"}]},{\"@type\":\"WebSite\",\"@id\":\"http:\/\/www.ccaniene.com\/it_it\/#website\",\"url\":\"http:\/\/www.ccaniene.com\/it_it\/\",\"name\":\"Circolo Canottieri Aniene\",\"description\":\"Collare d&#039;Oro e Stella d&#039;Oro al Merito Sportivo\",\"potentialAction\":[{\"@type\":\"SearchAction\",\"target\":{\"@type\":\"EntryPoint\",\"urlTemplate\":\"http:\/\/www.ccaniene.com\/it_it\/?s={search_term_string}\"},\"query-input\":{\"@type\":\"PropertyValueSpecification\",\"valueRequired\":true,\"valueName\":\"search_term_string\"}}],\"inLanguage\":\"it-IT\"},{\"@type\":\"Person\",\"@id\":\"http:\/\/www.ccaniene.com\/it_it\/#\/schema\/person\/6042bd0ba360674279dffd4247d570ed\",\"name\":\"carlo.san@tin.it\",\"image\":{\"@type\":\"ImageObject\",\"inLanguage\":\"it-IT\",\"@id\":\"http:\/\/www.ccaniene.com\/it_it\/#\/schema\/person\/image\/\",\"url\":\"http:\/\/0.gravatar.com\/avatar\/f993a459d0ffe4d666e4c917fef20ca9?s=96&d=mm&r=g\",\"contentUrl\":\"http:\/\/0.gravatar.com\/avatar\/f993a459d0ffe4d666e4c917fef20ca9?s=96&d=mm&r=g\",\"caption\":\"carlo.san@tin.it\"},\"url\":\"http:\/\/www.ccaniene.com\/it_it\/author\/carlo-santi-2\/\"}]}<\/script>\n<!-- \/ Yoast SEO plugin. -->","yoast_head_json":{"title":"Europei, Federica Pellegrini si prende la sesta finale continentale nei 200sl. Di Cola bronzo con la 4x200sl - Circolo Canottieri Aniene","robots":{"index":"index","follow":"follow","max-snippet":"max-snippet:-1","max-image-preview":"max-image-preview:large","max-video-preview":"max-video-preview:-1"},"canonical":"https:\/\/www.ccaniene.com\/it_it\/europei-federica-pellegrini-si-prende-la-sesta-finale-continentale-nei-200sl-di-cola-bronzo-con-la-4x200sl\/","og_locale":"it_IT","og_type":"article","og_title":"Europei, Federica Pellegrini si prende la sesta finale continentale nei 200sl. Di Cola bronzo con la 4x200sl - Circolo Canottieri Aniene","og_description":"Nel giorno dello straordinario primato italiano di Alessandro Miressi nei 100sl con 47\u201d45 che gli ha fruttato la medaglia d\u2019argento, la terza giornata dei campionati Europei alla Duna Arena di Budapest, \u00e8 arrivato il bronzo con la 4x200sl nella quale ha nuotato, in ultima frazione, Stefano Di Cola. Federica Pellegrini, intanto, si \u00e8 presa la [&hellip;]","og_url":"https:\/\/www.ccaniene.com\/it_it\/europei-federica-pellegrini-si-prende-la-sesta-finale-continentale-nei-200sl-di-cola-bronzo-con-la-4x200sl\/","og_site_name":"Circolo Canottieri Aniene","article_published_time":"2021-05-19T19:13:14+00:00","article_modified_time":"2021-05-19T19:32:03+00:00","og_image":[{"width":800,"height":450,"url":"https:\/\/www.ccaniene.com\/wp-content\/uploads\/2021\/05\/federicaBudapest.jpg","type":"image\/jpeg"}],"author":"carlo.san@tin.it","twitter_card":"summary_large_image","twitter_misc":{"Scritto da":"carlo.san@tin.it","Tempo di lettura stimato":"2 minuti"},"schema":{"@context":"https:\/\/schema.org","@graph":[{"@type":"WebPage","@id":"https:\/\/www.ccaniene.com\/en\/europei-federica-pellegrini-si-prende-la-sesta-finale-continentale-nei-200sl-di-cola-bronzo-con-la-4x200sl\/","url":"https:\/\/www.ccaniene.com\/en\/europei-federica-pellegrini-si-prende-la-sesta-finale-continentale-nei-200sl-di-cola-bronzo-con-la-4x200sl\/","name":"Europei, Federica Pellegrini si prende la sesta finale continentale nei 200sl. Di Cola bronzo con la 4x200sl - Circolo Canottieri Aniene","isPartOf":{"@id":"http:\/\/www.ccaniene.com\/it_it\/#website"},"primaryImageOfPage":{"@id":"https:\/\/www.ccaniene.com\/en\/europei-federica-pellegrini-si-prende-la-sesta-finale-continentale-nei-200sl-di-cola-bronzo-con-la-4x200sl\/#primaryimage"},"image":{"@id":"https:\/\/www.ccaniene.com\/en\/europei-federica-pellegrini-si-prende-la-sesta-finale-continentale-nei-200sl-di-cola-bronzo-con-la-4x200sl\/#primaryimage"},"thumbnailUrl":"http:\/\/www.ccaniene.com\/wp-content\/uploads\/2021\/05\/federicaBudapest.jpg","datePublished":"2021-05-19T19:13:14+00:00","dateModified":"2021-05-19T19:32:03+00:00","author":{"@id":"http:\/\/www.ccaniene.com\/it_it\/#\/schema\/person\/6042bd0ba360674279dffd4247d570ed"},"breadcrumb":{"@id":"https:\/\/www.ccaniene.com\/en\/europei-federica-pellegrini-si-prende-la-sesta-finale-continentale-nei-200sl-di-cola-bronzo-con-la-4x200sl\/#breadcrumb"},"inLanguage":"it-IT","potentialAction":[{"@type":"ReadAction","target":["https:\/\/www.ccaniene.com\/en\/europei-federica-pellegrini-si-prende-la-sesta-finale-continentale-nei-200sl-di-cola-bronzo-con-la-4x200sl\/"]}]},{"@type":"ImageObject","inLanguage":"it-IT","@id":"https:\/\/www.ccaniene.com\/en\/europei-federica-pellegrini-si-prende-la-sesta-finale-continentale-nei-200sl-di-cola-bronzo-con-la-4x200sl\/#primaryimage","url":"http:\/\/www.ccaniene.com\/wp-content\/uploads\/2021\/05\/federicaBudapest.jpg","contentUrl":"http:\/\/www.ccaniene.com\/wp-content\/uploads\/2021\/05\/federicaBudapest.jpg","width":800,"height":450,"caption":"PELLEGRINI Federica ITA 200 Freestyle Women Semifinal Swimming Budapest - Hungary 19\/5\/2021 Duna Arena XXXV LEN European Aquatic Championships Photo Andrea Staccioli \/ Deepbluemedia \/ Insidefoto"},{"@type":"BreadcrumbList","@id":"https:\/\/www.ccaniene.com\/en\/europei-federica-pellegrini-si-prende-la-sesta-finale-continentale-nei-200sl-di-cola-bronzo-con-la-4x200sl\/#breadcrumb","itemListElement":[{"@type":"ListItem","position":1,"name":"Home","item":"http:\/\/www.ccaniene.com\/it_it\/"},{"@type":"ListItem","position":2,"name":"Europei, Federica Pellegrini si prende la sesta finale continentale nei 200sl. Di Cola bronzo con la 4x200sl"}]},{"@type":"WebSite","@id":"http:\/\/www.ccaniene.com\/it_it\/#website","url":"http:\/\/www.ccaniene.com\/it_it\/","name":"Circolo Canottieri Aniene","description":"Collare d&#039;Oro e Stella d&#039;Oro al Merito Sportivo","potentialAction":[{"@type":"SearchAction","target":{"@type":"EntryPoint","urlTemplate":"http:\/\/www.ccaniene.com\/it_it\/?s={search_term_string}"},"query-input":{"@type":"PropertyValueSpecification","valueRequired":true,"valueName":"search_term_string"}}],"inLanguage":"it-IT"},{"@type":"Person","@id":"http:\/\/www.ccaniene.com\/it_it\/#\/schema\/person\/6042bd0ba360674279dffd4247d570ed","name":"carlo.san@tin.it","image":{"@type":"ImageObject","inLanguage":"it-IT","@id":"http:\/\/www.ccaniene.com\/it_it\/#\/schema\/person\/image\/","url":"http:\/\/0.gravatar.com\/avatar\/f993a459d0ffe4d666e4c917fef20ca9?s=96&d=mm&r=g","contentUrl":"http:\/\/0.gravatar.com\/avatar\/f993a459d0ffe4d666e4c917fef20ca9?s=96&d=mm&r=g","caption":"carlo.san@tin.it"},"url":"http:\/\/www.ccaniene.com\/it_it\/author\/carlo-santi-2\/"}]}},"_links":{"self":[{"href":"http:\/\/www.ccaniene.com\/it_it\/wp-json\/wp\/v2\/posts\/20673"}],"collection":[{"href":"http:\/\/www.ccaniene.com\/it_it\/wp-json\/wp\/v2\/posts"}],"about":[{"href":"http:\/\/www.ccaniene.com\/it_it\/wp-json\/wp\/v2\/types\/post"}],"author":[{"embeddable":true,"href":"http:\/\/www.ccaniene.com\/it_it\/wp-json\/wp\/v2\/users\/23521"}],"replies":[{"embeddable":true,"href":"http:\/\/www.ccaniene.com\/it_it\/wp-json\/wp\/v2\/comments?post=20673"}],"version-history":[{"count":1,"href":"http:\/\/www.ccaniene.com\/it_it\/wp-json\/wp\/v2\/posts\/20673\/revisions"}],"predecessor-version":[{"id":20678,"href":"http:\/\/www.ccaniene.com\/it_it\/wp-json\/wp\/v2\/posts\/20673\/revisions\/20678"}],"wp:featuredmedia":[{"embeddable":true,"href":"http:\/\/www.ccaniene.com\/it_it\/wp-json\/wp\/v2\/media\/20674"}],"wp:attachment":[{"href":"http:\/\/www.ccaniene.com\/it_it\/wp-json\/wp\/v2\/media?parent=20673"}],"wp:term":[{"taxonomy":"category","embeddable":true,"href":"http:\/\/www.ccaniene.com\/it_it\/wp-json\/wp\/v2\/categories?post=20673"},{"taxonomy":"post_tag","embeddable":true,"href":"http:\/\/www.ccaniene.com\/it_it\/wp-json\/wp\/v2\/tags?post=20673"}],"curies":[{"name":"wp","href":"https:\/\/api.w.org\/{rel}","templated":true}]}}