{"id":20427,"date":"2021-05-08T22:42:03","date_gmt":"2021-05-08T20:42:03","guid":{"rendered":"https:\/\/www.ccaniene.com\/?p=20427"},"modified":"2021-05-08T22:42:05","modified_gmt":"2021-05-08T20:42:05","slug":"salvatore-cimmino-un-giro-ditalia-a-nuoto-per-la-disabilita","status":"publish","type":"post","link":"http:\/\/www.ccaniene.com\/it_it\/salvatore-cimmino-un-giro-ditalia-a-nuoto-per-la-disabilita\/","title":{"rendered":"Salvatore Cimmino, un Giro d&#8217;Italia a nuoto per la disabilit\u00e0"},"content":{"rendered":"\n<p>Al via il Giro d\u2019Italia, non solo quello del ciclismo ma anche il Giro d\u2019Italia a nuoto. Ha concluso la prima tappa l\u20198 maggio dopo circa cinque ore e ventidue km dalla partenza in mattinata dalla spiaggia del Biscione di Ventimiglia il nostro Salvatore Cimmino, 56 anni originario di Torre Annunziata ma romano di adozione, arrivato alle 14.15 alla banchina del circolo Canottieri di Sanremo.<\/p>\n\n\n\n<p>\u00abSto bene &#8211; ha detto Cimmino, che ha intrapreso questa ennesima impresa per sensibilizzare l\u2019opinione pubblica sui problemi della disabilit\u00e0 &#8211; Questo primo ponte lo dedico a tutte e persone con disabilit\u00e0 del nostro Paese. Tutti insieme dobbiamo liberarle da questa prigione che \u00e8 la disabilit\u00e0\u00bb.<\/p>\n\n\n\n<p>Cimmino ha fatto un appello al governatore Giovanni Toti. \u00abQui in Liguria c\u2019\u00e8 bisogno di ausilio e dispositivi protesici per quelle persone che hanno seri problemi di accessibilit\u00e0. Mi rivolgo al presidente della Regione, affinch\u00e9 contatti al pi\u00f9 presto i responsabili delle Asl liguri per semplificare e rendere disponibili tutte le tecnologie di cui hanno bisogno le persone con disabilit\u00e0, perch\u00e9 anche loro hanno diritto di partecipare alla vita attiva, di essere liberi e di esercitare in libert\u00e0 il diritto di cittadinanza\u00bb.<\/p>\n\n\n\n<p>Cimmino all\u2019et\u00e0 di 15 anni ha sub\u00ecto l\u2019amputazione di una gamba, dal femore in gi\u00f9, a causa di un osteosarcoma. Obiettivo di questo Giro d\u2019Italia: richiamare l\u2019attenzione sui ritardi nell\u2019applicazione dei Peba, i Piani di eliminazione delle barriere architettoniche e per sensibilizzare l\u2019opinione pubblica verso una politica volta all\u2019inclusione sociale.<\/p>\n\n\n\n<p>L\u2019ultima tappa della maratona, salvo cambiamenti, sar\u00e0 l\u20198-9 ottobre a Trieste.<\/p>\n\n\n\n<p>Salvatore Cimmino ha spiegato i motivi di questo Giro d\u2019Italia a nuoto. \u00ab\u00c8 per i diritti delle persone disabili, per ricordare all\u2019Italia intera che la disabilit\u00e0 risiede nella societ\u00e0 e non nella persona, per ricordare all\u2019Italia intera che \u00e8 un errore definire una persona disabile, perch\u00e9 disabile semmai \u00e8 una citt\u00e0, un quartiere, una strada, l\u2019Italia intera. Ecco perch\u00e9 un Giro d\u2019Italia per restituire dignit\u00e0 e per rendere a tutti il diritto di cittadinanza a tutti. Ecco perch\u00e9 questo Giro per restituire la felicit\u00e0 a tante persone che se lo meritano\u00bb.<\/p>\n\n\n\n<p>Quella di Salvatore Cimmino \u00e8 un\u2019impresa davvero importante: 400 chilometri a nuoto, un giro delle coste italiane per portare in alto la bandiera dei diritti delle persone con disabilit\u00e0. Salvatore, classe 1964, all\u2019et\u00e0 di 41 anni ha iniziato a nuotare trovando nell\u2019acqua il suo elemento e il mezzo per portare avanti la sua battaglia: attirare l\u2019attenzione sui problemi del mondo della disabilit\u00e0.<\/p>\n\n\n\n<p>Questo il programma del Giro d\u2019Italia, tappa per tappa:<\/p>\n\n\n\n<p>1. 8 maggio Ventimiglia &#8211; Sanremo 20 Km<\/p>\n\n\n\n<p>2. 22 maggio Varazze &#8211; Voltri 20 Km<\/p>\n\n\n\n<p>3. 5 giugno Viareggio &#8211; Marina di Pisa 25 Km<\/p>\n\n\n\n<p>4. 19 giugno Piombino &#8211; Punta Ala 25Km<\/p>\n\n\n\n<p>5. 3 luglio Lido di Tarquinia &#8211; Civitavecchia 20Km<\/p>\n\n\n\n<p>6. 17 luglio Lido di Ostia &#8211; Torvaianica 18 km<\/p>\n\n\n\n<p>7. 24 luglio Palermo &#8211; Ustica 67Km<\/p>\n\n\n\n<p>8. 31 luglio Procida &#8211; Napoli (Citt\u00e0 della Scienza) 18 Km<\/p>\n\n\n\n<p>9. 6 &#8211; agosto Capri &#8211; Positano 24 Km<\/p>\n\n\n\n<p>10. 17 agosto Catanzaro Lido &#8211; Sellia Marina 20 Km<\/p>\n\n\n\n<p>11. 21 agosto Tropea &#8211; Capo Vaticano 17 Km<\/p>\n\n\n\n<p>12. 28 agosto Santa Maria di Leuca \u2013 Marina di Andrano 25 Km<\/p>\n\n\n\n<p>13. 4 settembre Polignano a Mare \u2013 Torre a Mare (Lido Aeronautica) 20 Km<\/p>\n\n\n\n<p>14. 17 settembre Fano &#8211; Pesaro 16 Km<\/p>\n\n\n\n<p>15. 25 settembre Lago d\u2019Iseo: Pisogne &#8211; Lovere 10 Km<\/p>\n\n\n\n<p>16. 2 ottobre Lido di Venezia &#8211; C\u00e0 Costantini (spiaggia del Faro) 17 Km<\/p>\n\n\n\n<p>17. 9 ottobre Duino &#8211; Trieste (piazza Unit\u00e0 d\u2019Italia) 24 Km<\/p>\n","protected":false},"excerpt":{"rendered":"<p>Al via il Giro d\u2019Italia, non solo quello del ciclismo ma anche il Giro d\u2019Italia a nuoto. Ha concluso la prima tappa l\u20198 maggio dopo circa cinque ore e ventidue km dalla partenza in mattinata dalla spiaggia del Biscione di Ventimiglia il nostro Salvatore Cimmino, 56 anni originario di Torre Annunziata ma romano di adozione, [&hellip;]<\/p>\n","protected":false},"author":23521,"featured_media":20428,"comment_status":"closed","ping_status":"closed","sticky":false,"template":"","format":"standard","meta":{"pmpro_default_level":0,"footnotes":"","_links_to":"","_links_to_target":""},"categories":[1],"tags":[],"class_list":["post-20427","post","type-post","status-publish","format-standard","has-post-thumbnail","hentry","category-news","pmpro-has-access"],"featured_image_urls":{"thumbnail":"http:\/\/www.ccaniene.com\/wp-content\/uploads\/2021\/05\/cimmino-400x222.jpg"},"appp_media":null,"yoast_head":"<!-- This site is optimized with the Yoast SEO plugin v23.6 - https:\/\/yoast.com\/wordpress\/plugins\/seo\/ -->\n<title>Salvatore Cimmino, un Giro d&#039;Italia a nuoto per la disabilit\u00e0 - Circolo Canottieri Aniene<\/title>\n<meta name=\"robots\" content=\"index, follow, max-snippet:-1, max-image-preview:large, max-video-preview:-1\" \/>\n<link rel=\"canonical\" href=\"https:\/\/www.ccaniene.com\/it_it\/salvatore-cimmino-un-giro-ditalia-a-nuoto-per-la-disabilita\/\" \/>\n<meta property=\"og:locale\" content=\"it_IT\" \/>\n<meta property=\"og:type\" content=\"article\" \/>\n<meta property=\"og:title\" content=\"Salvatore Cimmino, un Giro d&#039;Italia a nuoto per la disabilit\u00e0 - Circolo Canottieri Aniene\" \/>\n<meta property=\"og:description\" content=\"Al via il Giro d\u2019Italia, non solo quello del ciclismo ma anche il Giro d\u2019Italia a nuoto. Ha concluso la prima tappa l\u20198 maggio dopo circa cinque ore e ventidue km dalla partenza in mattinata dalla spiaggia del Biscione di Ventimiglia il nostro Salvatore Cimmino, 56 anni originario di Torre Annunziata ma romano di adozione, [&hellip;]\" \/>\n<meta property=\"og:url\" content=\"https:\/\/www.ccaniene.com\/it_it\/salvatore-cimmino-un-giro-ditalia-a-nuoto-per-la-disabilita\/\" \/>\n<meta property=\"og:site_name\" content=\"Circolo Canottieri Aniene\" \/>\n<meta property=\"article:published_time\" content=\"2021-05-08T20:42:03+00:00\" \/>\n<meta property=\"article:modified_time\" content=\"2021-05-08T20:42:05+00:00\" \/>\n<meta property=\"og:image\" content=\"https:\/\/www.ccaniene.com\/wp-content\/uploads\/2021\/05\/cimmino.jpg\" \/>\n\t<meta property=\"og:image:width\" content=\"457\" \/>\n\t<meta property=\"og:image:height\" content=\"222\" \/>\n\t<meta property=\"og:image:type\" content=\"image\/jpeg\" \/>\n<meta name=\"author\" content=\"carlo.san@tin.it\" \/>\n<meta name=\"twitter:card\" content=\"summary_large_image\" \/>\n<meta name=\"twitter:label1\" content=\"Scritto da\" \/>\n\t<meta name=\"twitter:data1\" content=\"carlo.san@tin.it\" \/>\n\t<meta name=\"twitter:label2\" content=\"Tempo di lettura stimato\" \/>\n\t<meta name=\"twitter:data2\" content=\"3 minuti\" \/>\n<script type=\"application\/ld+json\" class=\"yoast-schema-graph\">{\"@context\":\"https:\/\/schema.org\",\"@graph\":[{\"@type\":\"WebPage\",\"@id\":\"https:\/\/www.ccaniene.com\/it_it\/salvatore-cimmino-un-giro-ditalia-a-nuoto-per-la-disabilita\/\",\"url\":\"https:\/\/www.ccaniene.com\/it_it\/salvatore-cimmino-un-giro-ditalia-a-nuoto-per-la-disabilita\/\",\"name\":\"Salvatore Cimmino, un Giro d'Italia a nuoto per la disabilit\u00e0 - Circolo Canottieri Aniene\",\"isPartOf\":{\"@id\":\"http:\/\/www.ccaniene.com\/it_it\/#website\"},\"primaryImageOfPage\":{\"@id\":\"https:\/\/www.ccaniene.com\/it_it\/salvatore-cimmino-un-giro-ditalia-a-nuoto-per-la-disabilita\/#primaryimage\"},\"image\":{\"@id\":\"https:\/\/www.ccaniene.com\/it_it\/salvatore-cimmino-un-giro-ditalia-a-nuoto-per-la-disabilita\/#primaryimage\"},\"thumbnailUrl\":\"http:\/\/www.ccaniene.com\/wp-content\/uploads\/2021\/05\/cimmino.jpg\",\"datePublished\":\"2021-05-08T20:42:03+00:00\",\"dateModified\":\"2021-05-08T20:42:05+00:00\",\"author\":{\"@id\":\"http:\/\/www.ccaniene.com\/it_it\/#\/schema\/person\/6042bd0ba360674279dffd4247d570ed\"},\"breadcrumb\":{\"@id\":\"https:\/\/www.ccaniene.com\/it_it\/salvatore-cimmino-un-giro-ditalia-a-nuoto-per-la-disabilita\/#breadcrumb\"},\"inLanguage\":\"it-IT\",\"potentialAction\":[{\"@type\":\"ReadAction\",\"target\":[\"https:\/\/www.ccaniene.com\/it_it\/salvatore-cimmino-un-giro-ditalia-a-nuoto-per-la-disabilita\/\"]}]},{\"@type\":\"ImageObject\",\"inLanguage\":\"it-IT\",\"@id\":\"https:\/\/www.ccaniene.com\/it_it\/salvatore-cimmino-un-giro-ditalia-a-nuoto-per-la-disabilita\/#primaryimage\",\"url\":\"http:\/\/www.ccaniene.com\/wp-content\/uploads\/2021\/05\/cimmino.jpg\",\"contentUrl\":\"http:\/\/www.ccaniene.com\/wp-content\/uploads\/2021\/05\/cimmino.jpg\",\"width\":457,\"height\":222},{\"@type\":\"BreadcrumbList\",\"@id\":\"https:\/\/www.ccaniene.com\/it_it\/salvatore-cimmino-un-giro-ditalia-a-nuoto-per-la-disabilita\/#breadcrumb\",\"itemListElement\":[{\"@type\":\"ListItem\",\"position\":1,\"name\":\"Home\",\"item\":\"http:\/\/www.ccaniene.com\/it_it\/\"},{\"@type\":\"ListItem\",\"position\":2,\"name\":\"Salvatore Cimmino, un Giro d&#8217;Italia a nuoto per la disabilit\u00e0\"}]},{\"@type\":\"WebSite\",\"@id\":\"http:\/\/www.ccaniene.com\/it_it\/#website\",\"url\":\"http:\/\/www.ccaniene.com\/it_it\/\",\"name\":\"Circolo Canottieri Aniene\",\"description\":\"Collare d&#039;Oro e Stella d&#039;Oro al Merito Sportivo\",\"potentialAction\":[{\"@type\":\"SearchAction\",\"target\":{\"@type\":\"EntryPoint\",\"urlTemplate\":\"http:\/\/www.ccaniene.com\/it_it\/?s={search_term_string}\"},\"query-input\":{\"@type\":\"PropertyValueSpecification\",\"valueRequired\":true,\"valueName\":\"search_term_string\"}}],\"inLanguage\":\"it-IT\"},{\"@type\":\"Person\",\"@id\":\"http:\/\/www.ccaniene.com\/it_it\/#\/schema\/person\/6042bd0ba360674279dffd4247d570ed\",\"name\":\"carlo.san@tin.it\",\"image\":{\"@type\":\"ImageObject\",\"inLanguage\":\"it-IT\",\"@id\":\"http:\/\/www.ccaniene.com\/it_it\/#\/schema\/person\/image\/\",\"url\":\"http:\/\/0.gravatar.com\/avatar\/f993a459d0ffe4d666e4c917fef20ca9?s=96&d=mm&r=g\",\"contentUrl\":\"http:\/\/0.gravatar.com\/avatar\/f993a459d0ffe4d666e4c917fef20ca9?s=96&d=mm&r=g\",\"caption\":\"carlo.san@tin.it\"},\"url\":\"http:\/\/www.ccaniene.com\/it_it\/author\/carlo-santi-2\/\"}]}<\/script>\n<!-- \/ Yoast SEO plugin. -->","yoast_head_json":{"title":"Salvatore Cimmino, un Giro d'Italia a nuoto per la disabilit\u00e0 - Circolo Canottieri Aniene","robots":{"index":"index","follow":"follow","max-snippet":"max-snippet:-1","max-image-preview":"max-image-preview:large","max-video-preview":"max-video-preview:-1"},"canonical":"https:\/\/www.ccaniene.com\/it_it\/salvatore-cimmino-un-giro-ditalia-a-nuoto-per-la-disabilita\/","og_locale":"it_IT","og_type":"article","og_title":"Salvatore Cimmino, un Giro d'Italia a nuoto per la disabilit\u00e0 - Circolo Canottieri Aniene","og_description":"Al via il Giro d\u2019Italia, non solo quello del ciclismo ma anche il Giro d\u2019Italia a nuoto. Ha concluso la prima tappa l\u20198 maggio dopo circa cinque ore e ventidue km dalla partenza in mattinata dalla spiaggia del Biscione di Ventimiglia il nostro Salvatore Cimmino, 56 anni originario di Torre Annunziata ma romano di adozione, [&hellip;]","og_url":"https:\/\/www.ccaniene.com\/it_it\/salvatore-cimmino-un-giro-ditalia-a-nuoto-per-la-disabilita\/","og_site_name":"Circolo Canottieri Aniene","article_published_time":"2021-05-08T20:42:03+00:00","article_modified_time":"2021-05-08T20:42:05+00:00","og_image":[{"width":457,"height":222,"url":"https:\/\/www.ccaniene.com\/wp-content\/uploads\/2021\/05\/cimmino.jpg","type":"image\/jpeg"}],"author":"carlo.san@tin.it","twitter_card":"summary_large_image","twitter_misc":{"Scritto da":"carlo.san@tin.it","Tempo di lettura stimato":"3 minuti"},"schema":{"@context":"https:\/\/schema.org","@graph":[{"@type":"WebPage","@id":"https:\/\/www.ccaniene.com\/it_it\/salvatore-cimmino-un-giro-ditalia-a-nuoto-per-la-disabilita\/","url":"https:\/\/www.ccaniene.com\/it_it\/salvatore-cimmino-un-giro-ditalia-a-nuoto-per-la-disabilita\/","name":"Salvatore Cimmino, un Giro d'Italia a nuoto per la disabilit\u00e0 - Circolo Canottieri Aniene","isPartOf":{"@id":"http:\/\/www.ccaniene.com\/it_it\/#website"},"primaryImageOfPage":{"@id":"https:\/\/www.ccaniene.com\/it_it\/salvatore-cimmino-un-giro-ditalia-a-nuoto-per-la-disabilita\/#primaryimage"},"image":{"@id":"https:\/\/www.ccaniene.com\/it_it\/salvatore-cimmino-un-giro-ditalia-a-nuoto-per-la-disabilita\/#primaryimage"},"thumbnailUrl":"http:\/\/www.ccaniene.com\/wp-content\/uploads\/2021\/05\/cimmino.jpg","datePublished":"2021-05-08T20:42:03+00:00","dateModified":"2021-05-08T20:42:05+00:00","author":{"@id":"http:\/\/www.ccaniene.com\/it_it\/#\/schema\/person\/6042bd0ba360674279dffd4247d570ed"},"breadcrumb":{"@id":"https:\/\/www.ccaniene.com\/it_it\/salvatore-cimmino-un-giro-ditalia-a-nuoto-per-la-disabilita\/#breadcrumb"},"inLanguage":"it-IT","potentialAction":[{"@type":"ReadAction","target":["https:\/\/www.ccaniene.com\/it_it\/salvatore-cimmino-un-giro-ditalia-a-nuoto-per-la-disabilita\/"]}]},{"@type":"ImageObject","inLanguage":"it-IT","@id":"https:\/\/www.ccaniene.com\/it_it\/salvatore-cimmino-un-giro-ditalia-a-nuoto-per-la-disabilita\/#primaryimage","url":"http:\/\/www.ccaniene.com\/wp-content\/uploads\/2021\/05\/cimmino.jpg","contentUrl":"http:\/\/www.ccaniene.com\/wp-content\/uploads\/2021\/05\/cimmino.jpg","width":457,"height":222},{"@type":"BreadcrumbList","@id":"https:\/\/www.ccaniene.com\/it_it\/salvatore-cimmino-un-giro-ditalia-a-nuoto-per-la-disabilita\/#breadcrumb","itemListElement":[{"@type":"ListItem","position":1,"name":"Home","item":"http:\/\/www.ccaniene.com\/it_it\/"},{"@type":"ListItem","position":2,"name":"Salvatore Cimmino, un Giro d&#8217;Italia a nuoto per la disabilit\u00e0"}]},{"@type":"WebSite","@id":"http:\/\/www.ccaniene.com\/it_it\/#website","url":"http:\/\/www.ccaniene.com\/it_it\/","name":"Circolo Canottieri Aniene","description":"Collare d&#039;Oro e Stella d&#039;Oro al Merito Sportivo","potentialAction":[{"@type":"SearchAction","target":{"@type":"EntryPoint","urlTemplate":"http:\/\/www.ccaniene.com\/it_it\/?s={search_term_string}"},"query-input":{"@type":"PropertyValueSpecification","valueRequired":true,"valueName":"search_term_string"}}],"inLanguage":"it-IT"},{"@type":"Person","@id":"http:\/\/www.ccaniene.com\/it_it\/#\/schema\/person\/6042bd0ba360674279dffd4247d570ed","name":"carlo.san@tin.it","image":{"@type":"ImageObject","inLanguage":"it-IT","@id":"http:\/\/www.ccaniene.com\/it_it\/#\/schema\/person\/image\/","url":"http:\/\/0.gravatar.com\/avatar\/f993a459d0ffe4d666e4c917fef20ca9?s=96&d=mm&r=g","contentUrl":"http:\/\/0.gravatar.com\/avatar\/f993a459d0ffe4d666e4c917fef20ca9?s=96&d=mm&r=g","caption":"carlo.san@tin.it"},"url":"http:\/\/www.ccaniene.com\/it_it\/author\/carlo-santi-2\/"}]}},"_links":{"self":[{"href":"http:\/\/www.ccaniene.com\/it_it\/wp-json\/wp\/v2\/posts\/20427"}],"collection":[{"href":"http:\/\/www.ccaniene.com\/it_it\/wp-json\/wp\/v2\/posts"}],"about":[{"href":"http:\/\/www.ccaniene.com\/it_it\/wp-json\/wp\/v2\/types\/post"}],"author":[{"embeddable":true,"href":"http:\/\/www.ccaniene.com\/it_it\/wp-json\/wp\/v2\/users\/23521"}],"replies":[{"embeddable":true,"href":"http:\/\/www.ccaniene.com\/it_it\/wp-json\/wp\/v2\/comments?post=20427"}],"version-history":[{"count":1,"href":"http:\/\/www.ccaniene.com\/it_it\/wp-json\/wp\/v2\/posts\/20427\/revisions"}],"predecessor-version":[{"id":20430,"href":"http:\/\/www.ccaniene.com\/it_it\/wp-json\/wp\/v2\/posts\/20427\/revisions\/20430"}],"wp:featuredmedia":[{"embeddable":true,"href":"http:\/\/www.ccaniene.com\/it_it\/wp-json\/wp\/v2\/media\/20428"}],"wp:attachment":[{"href":"http:\/\/www.ccaniene.com\/it_it\/wp-json\/wp\/v2\/media?parent=20427"}],"wp:term":[{"taxonomy":"category","embeddable":true,"href":"http:\/\/www.ccaniene.com\/it_it\/wp-json\/wp\/v2\/categories?post=20427"},{"taxonomy":"post_tag","embeddable":true,"href":"http:\/\/www.ccaniene.com\/it_it\/wp-json\/wp\/v2\/tags?post=20427"}],"curies":[{"name":"wp","href":"https:\/\/api.w.org\/{rel}","templated":true}]}}