{"id":16724,"date":"2019-04-22T11:33:20","date_gmt":"2019-04-22T09:33:20","guid":{"rendered":"https:\/\/www.ccaniene.com\/?p=16724"},"modified":"2019-04-22T11:40:05","modified_gmt":"2019-04-22T09:40:05","slug":"world-cup-series-lorenzo-bressani-ai-piedi-del-podio-a-genova","status":"publish","type":"post","link":"http:\/\/www.ccaniene.com\/it_it\/world-cup-series-lorenzo-bressani-ai-piedi-del-podio-a-genova\/","title":{"rendered":"World Cup Series, Lorenzo Bressani quarto a Genova"},"content":{"rendered":"<p>Si \u00e8 conclusa il giorno di Pasqua, a Genova, la terza tappa della Hempel Sailing World Cup 2019. Pi\u00f9 di 700 velisti hanno invaso la citt\u00e0 per una settimana di regate nell&#8217;unica tappa italiana del circuito. Sia Lorenzo &#8220;Rufo&#8221; Bressani, in barca con Cecilia Zorzi (Marina Militare), che Caterina Banti, in coppia con Ruggero Tita (Fiamme Gialle), si sono presentati in Medal race a punteggio doppio, con buone possibilit\u00e0 di puntare al podio. Il finale, per\u00f2, \u00e8 stato amaro per i nostri atleti: entrambi, infatti, hanno subito una penalit\u00e0 da parte della giuria in acqua che ha fatto sfumare le loro chance di cogliere una medaglia. Lorenzo si \u00e8 piazzato quarto, mentre Caterina non \u00e8 andata oltre l&#8217;ottavo posto.<\/p>\n<p>Sempre nei Nacra17, Maelle Frascari e Vittorio Bissaro (Fiamme Azzurre) hanno concluso 18esimi l&#8217;evento, caratterizzato da venti leggerissimi. Questi i piazzamenti degli altri nostri atleti, tutti esordienti nel circuito di World Cup: 13\u00b0 Matteo Iovenitti nei Finn, 43esime Erica Ratti e Claudia Rossi tra gli FX, 65esimi Alessandro Cesarini e Marco Tramutola nei 49er. Prossimo appuntamento il Campionato Europeo di Weymouth a met\u00e0 maggio.<\/p>\n","protected":false},"excerpt":{"rendered":"<p>Si \u00e8 conclusa il giorno di Pasqua, a Genova, la terza tappa della Hempel Sailing World Cup 2019. Pi\u00f9 di 700 velisti hanno invaso la citt\u00e0 per una settimana di regate nell&#8217;unica tappa italiana del circuito. Sia Lorenzo &#8220;Rufo&#8221; Bressani, in barca con Cecilia Zorzi (Marina Militare), che Caterina Banti, in coppia con Ruggero Tita [&hellip;]<\/p>\n","protected":false},"author":23521,"featured_media":16725,"comment_status":"closed","ping_status":"closed","sticky":false,"template":"","format":"standard","meta":{"pmpro_default_level":0,"footnotes":"","_links_to":"","_links_to_target":""},"categories":[1,26],"tags":[],"class_list":["post-16724","post","type-post","status-publish","format-standard","has-post-thumbnail","hentry","category-news","category-vela","pmpro-has-access"],"featured_image_urls":{"medium":"http:\/\/www.ccaniene.com\/wp-content\/uploads\/2019\/04\/fTaccola\u252c\u00ae_FAT2347-800x533.jpg","large":"http:\/\/www.ccaniene.com\/wp-content\/uploads\/2019\/04\/fTaccola\u252c\u00ae_FAT2347-1920x1280.jpg","thumbnail":"http:\/\/www.ccaniene.com\/wp-content\/uploads\/2019\/04\/fTaccola\u252c\u00ae_FAT2347-400x400.jpg","medium_large":"http:\/\/www.ccaniene.com\/wp-content\/uploads\/2019\/04\/fTaccola\u252c\u00ae_FAT2347-768x512.jpg","1536x1536":"http:\/\/www.ccaniene.com\/wp-content\/uploads\/2019\/04\/fTaccola\u252c\u00ae_FAT2347-1536x1024.jpg","2048x2048":"http:\/\/www.ccaniene.com\/wp-content\/uploads\/2019\/04\/fTaccola\u252c\u00ae_FAT2347-2048x1365.jpg","slider":"http:\/\/www.ccaniene.com\/wp-content\/uploads\/2019\/04\/fTaccola\u252c\u00ae_FAT2347-1920x1080.jpg"},"appp_media":null,"yoast_head":"<!-- This site is optimized with the Yoast SEO plugin v23.6 - https:\/\/yoast.com\/wordpress\/plugins\/seo\/ -->\n<title>World Cup Series, Lorenzo Bressani quarto a Genova - Circolo Canottieri Aniene<\/title>\n<meta name=\"robots\" content=\"index, follow, max-snippet:-1, max-image-preview:large, max-video-preview:-1\" \/>\n<link rel=\"canonical\" href=\"http:\/\/www.ccaniene.com\/it_it\/world-cup-series-lorenzo-bressani-ai-piedi-del-podio-a-genova\/\" \/>\n<meta property=\"og:locale\" content=\"it_IT\" \/>\n<meta property=\"og:type\" content=\"article\" \/>\n<meta property=\"og:title\" content=\"World Cup Series, Lorenzo Bressani quarto a Genova - Circolo Canottieri Aniene\" \/>\n<meta property=\"og:description\" content=\"Si \u00e8 conclusa il giorno di Pasqua, a Genova, la terza tappa della Hempel Sailing World Cup 2019. Pi\u00f9 di 700 velisti hanno invaso la citt\u00e0 per una settimana di regate nell&#8217;unica tappa italiana del circuito. Sia Lorenzo &#8220;Rufo&#8221; Bressani, in barca con Cecilia Zorzi (Marina Militare), che Caterina Banti, in coppia con Ruggero Tita [&hellip;]\" \/>\n<meta property=\"og:url\" content=\"http:\/\/www.ccaniene.com\/it_it\/world-cup-series-lorenzo-bressani-ai-piedi-del-podio-a-genova\/\" \/>\n<meta property=\"og:site_name\" content=\"Circolo Canottieri Aniene\" \/>\n<meta property=\"article:published_time\" content=\"2019-04-22T09:33:20+00:00\" \/>\n<meta property=\"article:modified_time\" content=\"2019-04-22T09:40:05+00:00\" \/>\n<meta property=\"og:image\" content=\"http:\/\/www.ccaniene.com\/wp-content\/uploads\/2019\/04\/fTaccola\u252c\u00ae_FAT2347-scaled.jpg\" \/>\n\t<meta property=\"og:image:width\" content=\"2560\" \/>\n\t<meta property=\"og:image:height\" content=\"1707\" \/>\n\t<meta property=\"og:image:type\" content=\"image\/jpeg\" \/>\n<meta name=\"author\" content=\"carlo.san@tin.it\" \/>\n<meta name=\"twitter:card\" content=\"summary_large_image\" \/>\n<meta name=\"twitter:label1\" content=\"Scritto da\" \/>\n\t<meta name=\"twitter:data1\" content=\"carlo.san@tin.it\" \/>\n\t<meta name=\"twitter:label2\" content=\"Tempo di lettura stimato\" \/>\n\t<meta name=\"twitter:data2\" content=\"1 minuto\" \/>\n<script type=\"application\/ld+json\" class=\"yoast-schema-graph\">{\"@context\":\"https:\/\/schema.org\",\"@graph\":[{\"@type\":\"WebPage\",\"@id\":\"http:\/\/www.ccaniene.com\/it_it\/world-cup-series-lorenzo-bressani-ai-piedi-del-podio-a-genova\/\",\"url\":\"http:\/\/www.ccaniene.com\/it_it\/world-cup-series-lorenzo-bressani-ai-piedi-del-podio-a-genova\/\",\"name\":\"World Cup Series, Lorenzo Bressani quarto a Genova - Circolo Canottieri Aniene\",\"isPartOf\":{\"@id\":\"http:\/\/www.ccaniene.com\/it_it\/#website\"},\"primaryImageOfPage\":{\"@id\":\"http:\/\/www.ccaniene.com\/it_it\/world-cup-series-lorenzo-bressani-ai-piedi-del-podio-a-genova\/#primaryimage\"},\"image\":{\"@id\":\"http:\/\/www.ccaniene.com\/it_it\/world-cup-series-lorenzo-bressani-ai-piedi-del-podio-a-genova\/#primaryimage\"},\"thumbnailUrl\":\"http:\/\/www.ccaniene.com\/wp-content\/uploads\/2019\/04\/fTaccola\u252c\u00ae_FAT2347-scaled.jpg\",\"datePublished\":\"2019-04-22T09:33:20+00:00\",\"dateModified\":\"2019-04-22T09:40:05+00:00\",\"author\":{\"@id\":\"http:\/\/www.ccaniene.com\/it_it\/#\/schema\/person\/6042bd0ba360674279dffd4247d570ed\"},\"breadcrumb\":{\"@id\":\"http:\/\/www.ccaniene.com\/it_it\/world-cup-series-lorenzo-bressani-ai-piedi-del-podio-a-genova\/#breadcrumb\"},\"inLanguage\":\"it-IT\",\"potentialAction\":[{\"@type\":\"ReadAction\",\"target\":[\"http:\/\/www.ccaniene.com\/it_it\/world-cup-series-lorenzo-bressani-ai-piedi-del-podio-a-genova\/\"]}]},{\"@type\":\"ImageObject\",\"inLanguage\":\"it-IT\",\"@id\":\"http:\/\/www.ccaniene.com\/it_it\/world-cup-series-lorenzo-bressani-ai-piedi-del-podio-a-genova\/#primaryimage\",\"url\":\"http:\/\/www.ccaniene.com\/wp-content\/uploads\/2019\/04\/fTaccola\u252c\u00ae_FAT2347-scaled.jpg\",\"contentUrl\":\"http:\/\/www.ccaniene.com\/wp-content\/uploads\/2019\/04\/fTaccola\u252c\u00ae_FAT2347-scaled.jpg\",\"width\":2560,\"height\":1707,\"caption\":\"Cagliari, 1-3 marzo 2019\"},{\"@type\":\"BreadcrumbList\",\"@id\":\"http:\/\/www.ccaniene.com\/it_it\/world-cup-series-lorenzo-bressani-ai-piedi-del-podio-a-genova\/#breadcrumb\",\"itemListElement\":[{\"@type\":\"ListItem\",\"position\":1,\"name\":\"Home\",\"item\":\"http:\/\/www.ccaniene.com\/it_it\/\"},{\"@type\":\"ListItem\",\"position\":2,\"name\":\"World Cup Series, Lorenzo Bressani quarto a Genova\"}]},{\"@type\":\"WebSite\",\"@id\":\"http:\/\/www.ccaniene.com\/it_it\/#website\",\"url\":\"http:\/\/www.ccaniene.com\/it_it\/\",\"name\":\"Circolo Canottieri Aniene\",\"description\":\"Collare d&#039;Oro e Stella d&#039;Oro al Merito Sportivo\",\"potentialAction\":[{\"@type\":\"SearchAction\",\"target\":{\"@type\":\"EntryPoint\",\"urlTemplate\":\"http:\/\/www.ccaniene.com\/it_it\/?s={search_term_string}\"},\"query-input\":{\"@type\":\"PropertyValueSpecification\",\"valueRequired\":true,\"valueName\":\"search_term_string\"}}],\"inLanguage\":\"it-IT\"},{\"@type\":\"Person\",\"@id\":\"http:\/\/www.ccaniene.com\/it_it\/#\/schema\/person\/6042bd0ba360674279dffd4247d570ed\",\"name\":\"carlo.san@tin.it\",\"image\":{\"@type\":\"ImageObject\",\"inLanguage\":\"it-IT\",\"@id\":\"http:\/\/www.ccaniene.com\/it_it\/#\/schema\/person\/image\/\",\"url\":\"http:\/\/0.gravatar.com\/avatar\/f993a459d0ffe4d666e4c917fef20ca9?s=96&d=mm&r=g\",\"contentUrl\":\"http:\/\/0.gravatar.com\/avatar\/f993a459d0ffe4d666e4c917fef20ca9?s=96&d=mm&r=g\",\"caption\":\"carlo.san@tin.it\"},\"url\":\"http:\/\/www.ccaniene.com\/it_it\/author\/carlo-santi-2\/\"}]}<\/script>\n<!-- \/ Yoast SEO plugin. -->","yoast_head_json":{"title":"World Cup Series, Lorenzo Bressani quarto a Genova - Circolo Canottieri Aniene","robots":{"index":"index","follow":"follow","max-snippet":"max-snippet:-1","max-image-preview":"max-image-preview:large","max-video-preview":"max-video-preview:-1"},"canonical":"http:\/\/www.ccaniene.com\/it_it\/world-cup-series-lorenzo-bressani-ai-piedi-del-podio-a-genova\/","og_locale":"it_IT","og_type":"article","og_title":"World Cup Series, Lorenzo Bressani quarto a Genova - Circolo Canottieri Aniene","og_description":"Si \u00e8 conclusa il giorno di Pasqua, a Genova, la terza tappa della Hempel Sailing World Cup 2019. Pi\u00f9 di 700 velisti hanno invaso la citt\u00e0 per una settimana di regate nell&#8217;unica tappa italiana del circuito. Sia Lorenzo &#8220;Rufo&#8221; Bressani, in barca con Cecilia Zorzi (Marina Militare), che Caterina Banti, in coppia con Ruggero Tita [&hellip;]","og_url":"http:\/\/www.ccaniene.com\/it_it\/world-cup-series-lorenzo-bressani-ai-piedi-del-podio-a-genova\/","og_site_name":"Circolo Canottieri Aniene","article_published_time":"2019-04-22T09:33:20+00:00","article_modified_time":"2019-04-22T09:40:05+00:00","og_image":[{"width":2560,"height":1707,"url":"http:\/\/www.ccaniene.com\/wp-content\/uploads\/2019\/04\/fTaccola\u252c\u00ae_FAT2347-scaled.jpg","type":"image\/jpeg"}],"author":"carlo.san@tin.it","twitter_card":"summary_large_image","twitter_misc":{"Scritto da":"carlo.san@tin.it","Tempo di lettura stimato":"1 minuto"},"schema":{"@context":"https:\/\/schema.org","@graph":[{"@type":"WebPage","@id":"http:\/\/www.ccaniene.com\/it_it\/world-cup-series-lorenzo-bressani-ai-piedi-del-podio-a-genova\/","url":"http:\/\/www.ccaniene.com\/it_it\/world-cup-series-lorenzo-bressani-ai-piedi-del-podio-a-genova\/","name":"World Cup Series, Lorenzo Bressani quarto a Genova - Circolo Canottieri Aniene","isPartOf":{"@id":"http:\/\/www.ccaniene.com\/it_it\/#website"},"primaryImageOfPage":{"@id":"http:\/\/www.ccaniene.com\/it_it\/world-cup-series-lorenzo-bressani-ai-piedi-del-podio-a-genova\/#primaryimage"},"image":{"@id":"http:\/\/www.ccaniene.com\/it_it\/world-cup-series-lorenzo-bressani-ai-piedi-del-podio-a-genova\/#primaryimage"},"thumbnailUrl":"http:\/\/www.ccaniene.com\/wp-content\/uploads\/2019\/04\/fTaccola\u252c\u00ae_FAT2347-scaled.jpg","datePublished":"2019-04-22T09:33:20+00:00","dateModified":"2019-04-22T09:40:05+00:00","author":{"@id":"http:\/\/www.ccaniene.com\/it_it\/#\/schema\/person\/6042bd0ba360674279dffd4247d570ed"},"breadcrumb":{"@id":"http:\/\/www.ccaniene.com\/it_it\/world-cup-series-lorenzo-bressani-ai-piedi-del-podio-a-genova\/#breadcrumb"},"inLanguage":"it-IT","potentialAction":[{"@type":"ReadAction","target":["http:\/\/www.ccaniene.com\/it_it\/world-cup-series-lorenzo-bressani-ai-piedi-del-podio-a-genova\/"]}]},{"@type":"ImageObject","inLanguage":"it-IT","@id":"http:\/\/www.ccaniene.com\/it_it\/world-cup-series-lorenzo-bressani-ai-piedi-del-podio-a-genova\/#primaryimage","url":"http:\/\/www.ccaniene.com\/wp-content\/uploads\/2019\/04\/fTaccola\u252c\u00ae_FAT2347-scaled.jpg","contentUrl":"http:\/\/www.ccaniene.com\/wp-content\/uploads\/2019\/04\/fTaccola\u252c\u00ae_FAT2347-scaled.jpg","width":2560,"height":1707,"caption":"Cagliari, 1-3 marzo 2019"},{"@type":"BreadcrumbList","@id":"http:\/\/www.ccaniene.com\/it_it\/world-cup-series-lorenzo-bressani-ai-piedi-del-podio-a-genova\/#breadcrumb","itemListElement":[{"@type":"ListItem","position":1,"name":"Home","item":"http:\/\/www.ccaniene.com\/it_it\/"},{"@type":"ListItem","position":2,"name":"World Cup Series, Lorenzo Bressani quarto a Genova"}]},{"@type":"WebSite","@id":"http:\/\/www.ccaniene.com\/it_it\/#website","url":"http:\/\/www.ccaniene.com\/it_it\/","name":"Circolo Canottieri Aniene","description":"Collare d&#039;Oro e Stella d&#039;Oro al Merito Sportivo","potentialAction":[{"@type":"SearchAction","target":{"@type":"EntryPoint","urlTemplate":"http:\/\/www.ccaniene.com\/it_it\/?s={search_term_string}"},"query-input":{"@type":"PropertyValueSpecification","valueRequired":true,"valueName":"search_term_string"}}],"inLanguage":"it-IT"},{"@type":"Person","@id":"http:\/\/www.ccaniene.com\/it_it\/#\/schema\/person\/6042bd0ba360674279dffd4247d570ed","name":"carlo.san@tin.it","image":{"@type":"ImageObject","inLanguage":"it-IT","@id":"http:\/\/www.ccaniene.com\/it_it\/#\/schema\/person\/image\/","url":"http:\/\/0.gravatar.com\/avatar\/f993a459d0ffe4d666e4c917fef20ca9?s=96&d=mm&r=g","contentUrl":"http:\/\/0.gravatar.com\/avatar\/f993a459d0ffe4d666e4c917fef20ca9?s=96&d=mm&r=g","caption":"carlo.san@tin.it"},"url":"http:\/\/www.ccaniene.com\/it_it\/author\/carlo-santi-2\/"}]}},"_links":{"self":[{"href":"http:\/\/www.ccaniene.com\/it_it\/wp-json\/wp\/v2\/posts\/16724"}],"collection":[{"href":"http:\/\/www.ccaniene.com\/it_it\/wp-json\/wp\/v2\/posts"}],"about":[{"href":"http:\/\/www.ccaniene.com\/it_it\/wp-json\/wp\/v2\/types\/post"}],"author":[{"embeddable":true,"href":"http:\/\/www.ccaniene.com\/it_it\/wp-json\/wp\/v2\/users\/23521"}],"replies":[{"embeddable":true,"href":"http:\/\/www.ccaniene.com\/it_it\/wp-json\/wp\/v2\/comments?post=16724"}],"version-history":[{"count":6,"href":"http:\/\/www.ccaniene.com\/it_it\/wp-json\/wp\/v2\/posts\/16724\/revisions"}],"predecessor-version":[{"id":16732,"href":"http:\/\/www.ccaniene.com\/it_it\/wp-json\/wp\/v2\/posts\/16724\/revisions\/16732"}],"wp:featuredmedia":[{"embeddable":true,"href":"http:\/\/www.ccaniene.com\/it_it\/wp-json\/wp\/v2\/media\/16725"}],"wp:attachment":[{"href":"http:\/\/www.ccaniene.com\/it_it\/wp-json\/wp\/v2\/media?parent=16724"}],"wp:term":[{"taxonomy":"category","embeddable":true,"href":"http:\/\/www.ccaniene.com\/it_it\/wp-json\/wp\/v2\/categories?post=16724"},{"taxonomy":"post_tag","embeddable":true,"href":"http:\/\/www.ccaniene.com\/it_it\/wp-json\/wp\/v2\/tags?post=16724"}],"curies":[{"name":"wp","href":"https:\/\/api.w.org\/{rel}","templated":true}]}}