{"id":20615,"date":"2021-05-17T21:01:22","date_gmt":"2021-05-17T19:01:22","guid":{"rendered":"https:\/\/www.ccaniene.com\/?p=20615"},"modified":"2021-05-17T21:01:23","modified_gmt":"2021-05-17T19:01:23","slug":"europei-a-budapest-sesta-la-4x100-aspettando-quadarella-e-martinenghi","status":"publish","type":"post","link":"http:\/\/www.ccaniene.com\/en\/europei-a-budapest-sesta-la-4x100-aspettando-quadarella-e-martinenghi\/","title":{"rendered":"Europei a Budapest, sesta la 4&#215;100 aspettando Quadarella e Martinenghi"},"content":{"rendered":"<p>La prima giornata alla Duna Arena di Budapest dei campionati Europei in piscina vede solo il sesto posto per la 4x100sl femminile con un\u2019Italia composta per tre-quarti da atlete dell\u2019Aniene. Silvia Di Pietro (55\u201d11), Margherita Panziera (54\u201d88), Federica Pellegrini (53\u201d94 contro il 53\u201d74 della batteria) con Costanza Cocconcelli (55\u201d15) hanno chiuso in 3\u201939\u201d08. In mattinata, in batteria, quando hanno nuotato Chiara Tarantino, Silvia Di Pietro, Costanza Cocconcelli e Federica Pellegrini il quartetto aveva toccato in 3\u201939\u201d91. \u00abCercavamo un miglioramento netto rispetto alla batteria &#8211; ha affermato Federica &#8211; e purtroppo non \u00e8 arrivato. Speriamo comunque di poterci qualificare per le Olimpiadi\u00bb.<\/p>\n\n\n\n<p>Simona Quadarella ha vinto con facilit\u00e0 la batteria degli 800sl. La primatista italiana della distanza (8\u201914\u201d99) \u00e8 letteralmente volata in finale, gara che disputer\u00e0 domani pomeriggio. La regina del mezzofondo europeo (oro nei 400, 800 e 1500sl a Glasgow 2018) e vice campionessa del mondo in carica allenata da Christian Minotti ha nuotato in scioltezza in 8\u201926\u201d73. \u00abQuesto non \u00e8 un Europeo preparato al massimo &#8211; ha spiegato Simona &#8211; perch\u00e9 l\u2019obiettivo \u00e8 essere al massimo a Tokyo. Non so come andr\u00e0 con il passare delle gare. Intanto penso alla finale di questo 800 metri\u00bb.<\/p>\n\n\n\n<p>Nicol\u00f2 Martinenghi, che \u00e8 il primatista italiano dei 100 rana con 58\u201d37, ha siglato il terzo tempo della mattinata con 58\u201d88. L\u2019atleta varesino, stella della rana, allenato da Marco Pedoja e gi\u00e0 in possesso del pass olimpico, si \u00e8 qualificato nel pomeriggio per la finale di domani con il secondo tempo. Nicol\u00f2, autentico enfant prodige, in semifinale ha nuotato in 58\u201d45 (26\u201d94), assai vicino (8 centesimi) al suo primato italiano. \u00abSono convinto dei miei mezzi &#8211; ha detto Martinenghi &#8211; e finalmente mi sto divertendo. Domani sar\u00e0 una bella battaglia\u00bb. L\u2019unico a scendere sotto i 58\u201d \u00e8 stato Adam Peaty (57\u201d67)<\/p>\n\n\n\n<p>Finale raggiunta nei 100 farfalla per Elena Di Loddo. La 27enne pugliese allenata da Raffaele Girardi ha chiuso il primo turno al sesto posto con 58\u201d29 malgrado una distorsione a una caviglia che sta curando. In semifinale la primatista italiana della distanza con il 57\u201d04 ottenuto ai Mondiali di Gwangju dove si \u00e8 piazzata quarta, ha centrato il sesto tempo con 57\u201d88. Davanti a tutte, la svedese Louise Hansson con 56\u201d73.<\/p>\n\n\n\n<p>Pass per la semifinale per Silvia Di Pietro nei 50sl che in batteria ha nuotato in 25\u201d22 (l\u2019allieva di Mirko Nozzolillo \u00e8 la primatista italiana con 24\u201d84). Nel secondo turno degli Europei, Silvia \u00e8 stata eliminata (25\u201d14) avendo raggiunto il 15esimo tempo.<\/p>\n\n\n\n<p><em>Nella foto di Andrea Staccioli \/ Inside &#8211; DBM, Nicol\u00f2 Martinenghi<\/em><\/p>","protected":false},"excerpt":{"rendered":"<p>La prima giornata alla Duna Arena di Budapest dei campionati Europei in piscina vede solo il sesto posto per la 4x100sl femminile con un\u2019Italia composta per tre-quarti da atlete dell\u2019Aniene. Silvia Di Pietro (55\u201d11), Margherita Panziera (54\u201d88), Federica Pellegrini (53\u201d94 contro il 53\u201d74 della batteria) con Costanza Cocconcelli (55\u201d15) hanno chiuso in 3\u201939\u201d08. In mattinata, [&hellip;]<\/p>","protected":false},"author":23521,"featured_media":20616,"comment_status":"closed","ping_status":"closed","sticky":false,"template":"","format":"standard","meta":{"pmpro_default_level":0,"footnotes":"","_links_to":"","_links_to_target":""},"categories":[1,11],"tags":[],"class_list":["post-20615","post","type-post","status-publish","format-standard","has-post-thumbnail","hentry","category-news","category-nuoto","pmpro-has-access"],"featured_image_urls":{"medium":"http:\/\/www.ccaniene.com\/wp-content\/uploads\/2021\/05\/nicolo-800x450.jpg","thumbnail":"http:\/\/www.ccaniene.com\/wp-content\/uploads\/2021\/05\/nicolo-400x400.jpg","medium_large":"http:\/\/www.ccaniene.com\/wp-content\/uploads\/2021\/05\/nicolo-768x432.jpg"},"appp_media":null,"yoast_head":"<!-- This site is optimized with the Yoast SEO plugin v23.6 - https:\/\/yoast.com\/wordpress\/plugins\/seo\/ -->\n<title>Europei a Budapest, sesta la 4x100 aspettando Quadarella e Martinenghi - Circolo Canottieri Aniene<\/title>\n<meta name=\"robots\" content=\"index, follow, max-snippet:-1, max-image-preview:large, max-video-preview:-1\" \/>\n<link rel=\"canonical\" href=\"http:\/\/www.ccaniene.com\/en\/europei-a-budapest-sesta-la-4x100-aspettando-quadarella-e-martinenghi\/\" \/>\n<meta property=\"og:locale\" content=\"en_GB\" \/>\n<meta property=\"og:type\" content=\"article\" \/>\n<meta property=\"og:title\" content=\"Europei a Budapest, sesta la 4x100 aspettando Quadarella e Martinenghi - Circolo Canottieri Aniene\" \/>\n<meta property=\"og:description\" content=\"La prima giornata alla Duna Arena di Budapest dei campionati Europei in piscina vede solo il sesto posto per la 4x100sl femminile con un\u2019Italia composta per tre-quarti da atlete dell\u2019Aniene. Silvia Di Pietro (55\u201d11), Margherita Panziera (54\u201d88), Federica Pellegrini (53\u201d94 contro il 53\u201d74 della batteria) con Costanza Cocconcelli (55\u201d15) hanno chiuso in 3\u201939\u201d08. In mattinata, [&hellip;]\" \/>\n<meta property=\"og:url\" content=\"http:\/\/www.ccaniene.com\/en\/europei-a-budapest-sesta-la-4x100-aspettando-quadarella-e-martinenghi\/\" \/>\n<meta property=\"og:site_name\" content=\"Circolo Canottieri Aniene\" \/>\n<meta property=\"article:published_time\" content=\"2021-05-17T19:01:22+00:00\" \/>\n<meta property=\"article:modified_time\" content=\"2021-05-17T19:01:23+00:00\" \/>\n<meta property=\"og:image\" content=\"http:\/\/www.ccaniene.com\/wp-content\/uploads\/2021\/05\/nicolo.jpg\" \/>\n\t<meta property=\"og:image:width\" content=\"889\" \/>\n\t<meta property=\"og:image:height\" content=\"500\" \/>\n\t<meta property=\"og:image:type\" content=\"image\/jpeg\" \/>\n<meta name=\"author\" content=\"carlo.san@tin.it\" \/>\n<meta name=\"twitter:card\" content=\"summary_large_image\" \/>\n<meta name=\"twitter:label1\" content=\"Written by\" \/>\n\t<meta name=\"twitter:data1\" content=\"carlo.san@tin.it\" \/>\n\t<meta name=\"twitter:label2\" content=\"Estimated reading time\" \/>\n\t<meta name=\"twitter:data2\" content=\"2 minutes\" \/>\n<script type=\"application\/ld+json\" class=\"yoast-schema-graph\">{\"@context\":\"https:\/\/schema.org\",\"@graph\":[{\"@type\":\"WebPage\",\"@id\":\"http:\/\/www.ccaniene.com\/it_it\/europei-a-budapest-sesta-la-4x100-aspettando-quadarella-e-martinenghi\/\",\"url\":\"http:\/\/www.ccaniene.com\/it_it\/europei-a-budapest-sesta-la-4x100-aspettando-quadarella-e-martinenghi\/\",\"name\":\"Europei a Budapest, sesta la 4x100 aspettando Quadarella e Martinenghi - Circolo Canottieri Aniene\",\"isPartOf\":{\"@id\":\"http:\/\/www.ccaniene.com\/it_it\/#website\"},\"primaryImageOfPage\":{\"@id\":\"http:\/\/www.ccaniene.com\/it_it\/europei-a-budapest-sesta-la-4x100-aspettando-quadarella-e-martinenghi\/#primaryimage\"},\"image\":{\"@id\":\"http:\/\/www.ccaniene.com\/it_it\/europei-a-budapest-sesta-la-4x100-aspettando-quadarella-e-martinenghi\/#primaryimage\"},\"thumbnailUrl\":\"http:\/\/www.ccaniene.com\/wp-content\/uploads\/2021\/05\/nicolo.jpg\",\"datePublished\":\"2021-05-17T19:01:22+00:00\",\"dateModified\":\"2021-05-17T19:01:23+00:00\",\"author\":{\"@id\":\"http:\/\/www.ccaniene.com\/it_it\/#\/schema\/person\/6042bd0ba360674279dffd4247d570ed\"},\"breadcrumb\":{\"@id\":\"http:\/\/www.ccaniene.com\/it_it\/europei-a-budapest-sesta-la-4x100-aspettando-quadarella-e-martinenghi\/#breadcrumb\"},\"inLanguage\":\"en-GB\",\"potentialAction\":[{\"@type\":\"ReadAction\",\"target\":[\"http:\/\/www.ccaniene.com\/it_it\/europei-a-budapest-sesta-la-4x100-aspettando-quadarella-e-martinenghi\/\"]}]},{\"@type\":\"ImageObject\",\"inLanguage\":\"en-GB\",\"@id\":\"http:\/\/www.ccaniene.com\/it_it\/europei-a-budapest-sesta-la-4x100-aspettando-quadarella-e-martinenghi\/#primaryimage\",\"url\":\"http:\/\/www.ccaniene.com\/wp-content\/uploads\/2021\/05\/nicolo.jpg\",\"contentUrl\":\"http:\/\/www.ccaniene.com\/wp-content\/uploads\/2021\/05\/nicolo.jpg\",\"width\":889,\"height\":500},{\"@type\":\"BreadcrumbList\",\"@id\":\"http:\/\/www.ccaniene.com\/it_it\/europei-a-budapest-sesta-la-4x100-aspettando-quadarella-e-martinenghi\/#breadcrumb\",\"itemListElement\":[{\"@type\":\"ListItem\",\"position\":1,\"name\":\"Home\",\"item\":\"http:\/\/www.ccaniene.com\/it_it\/\"},{\"@type\":\"ListItem\",\"position\":2,\"name\":\"Europei a Budapest, sesta la 4&#215;100 aspettando Quadarella e Martinenghi\"}]},{\"@type\":\"WebSite\",\"@id\":\"http:\/\/www.ccaniene.com\/it_it\/#website\",\"url\":\"http:\/\/www.ccaniene.com\/it_it\/\",\"name\":\"Circolo Canottieri Aniene\",\"description\":\"Collare d&#039;Oro e Stella d&#039;Oro al Merito Sportivo\",\"potentialAction\":[{\"@type\":\"SearchAction\",\"target\":{\"@type\":\"EntryPoint\",\"urlTemplate\":\"http:\/\/www.ccaniene.com\/it_it\/?s={search_term_string}\"},\"query-input\":{\"@type\":\"PropertyValueSpecification\",\"valueRequired\":true,\"valueName\":\"search_term_string\"}}],\"inLanguage\":\"en-GB\"},{\"@type\":\"Person\",\"@id\":\"http:\/\/www.ccaniene.com\/it_it\/#\/schema\/person\/6042bd0ba360674279dffd4247d570ed\",\"name\":\"carlo.san@tin.it\",\"image\":{\"@type\":\"ImageObject\",\"inLanguage\":\"en-GB\",\"@id\":\"http:\/\/www.ccaniene.com\/it_it\/#\/schema\/person\/image\/\",\"url\":\"http:\/\/0.gravatar.com\/avatar\/f993a459d0ffe4d666e4c917fef20ca9?s=96&d=mm&r=g\",\"contentUrl\":\"http:\/\/0.gravatar.com\/avatar\/f993a459d0ffe4d666e4c917fef20ca9?s=96&d=mm&r=g\",\"caption\":\"carlo.san@tin.it\"},\"url\":\"http:\/\/www.ccaniene.com\/en\/author\/carlo-santi-2\/\"}]}<\/script>\n<!-- \/ Yoast SEO plugin. -->","yoast_head_json":{"title":"Europei a Budapest, sesta la 4x100 aspettando Quadarella e Martinenghi - Circolo Canottieri Aniene","robots":{"index":"index","follow":"follow","max-snippet":"max-snippet:-1","max-image-preview":"max-image-preview:large","max-video-preview":"max-video-preview:-1"},"canonical":"http:\/\/www.ccaniene.com\/en\/europei-a-budapest-sesta-la-4x100-aspettando-quadarella-e-martinenghi\/","og_locale":"en_GB","og_type":"article","og_title":"Europei a Budapest, sesta la 4x100 aspettando Quadarella e Martinenghi - Circolo Canottieri Aniene","og_description":"La prima giornata alla Duna Arena di Budapest dei campionati Europei in piscina vede solo il sesto posto per la 4x100sl femminile con un\u2019Italia composta per tre-quarti da atlete dell\u2019Aniene. Silvia Di Pietro (55\u201d11), Margherita Panziera (54\u201d88), Federica Pellegrini (53\u201d94 contro il 53\u201d74 della batteria) con Costanza Cocconcelli (55\u201d15) hanno chiuso in 3\u201939\u201d08. In mattinata, [&hellip;]","og_url":"http:\/\/www.ccaniene.com\/en\/europei-a-budapest-sesta-la-4x100-aspettando-quadarella-e-martinenghi\/","og_site_name":"Circolo Canottieri Aniene","article_published_time":"2021-05-17T19:01:22+00:00","article_modified_time":"2021-05-17T19:01:23+00:00","og_image":[{"width":889,"height":500,"url":"http:\/\/www.ccaniene.com\/wp-content\/uploads\/2021\/05\/nicolo.jpg","type":"image\/jpeg"}],"author":"carlo.san@tin.it","twitter_card":"summary_large_image","twitter_misc":{"Written by":"carlo.san@tin.it","Estimated reading time":"2 minutes"},"schema":{"@context":"https:\/\/schema.org","@graph":[{"@type":"WebPage","@id":"http:\/\/www.ccaniene.com\/it_it\/europei-a-budapest-sesta-la-4x100-aspettando-quadarella-e-martinenghi\/","url":"http:\/\/www.ccaniene.com\/it_it\/europei-a-budapest-sesta-la-4x100-aspettando-quadarella-e-martinenghi\/","name":"Europei a Budapest, sesta la 4x100 aspettando Quadarella e Martinenghi - Circolo Canottieri Aniene","isPartOf":{"@id":"http:\/\/www.ccaniene.com\/it_it\/#website"},"primaryImageOfPage":{"@id":"http:\/\/www.ccaniene.com\/it_it\/europei-a-budapest-sesta-la-4x100-aspettando-quadarella-e-martinenghi\/#primaryimage"},"image":{"@id":"http:\/\/www.ccaniene.com\/it_it\/europei-a-budapest-sesta-la-4x100-aspettando-quadarella-e-martinenghi\/#primaryimage"},"thumbnailUrl":"http:\/\/www.ccaniene.com\/wp-content\/uploads\/2021\/05\/nicolo.jpg","datePublished":"2021-05-17T19:01:22+00:00","dateModified":"2021-05-17T19:01:23+00:00","author":{"@id":"http:\/\/www.ccaniene.com\/it_it\/#\/schema\/person\/6042bd0ba360674279dffd4247d570ed"},"breadcrumb":{"@id":"http:\/\/www.ccaniene.com\/it_it\/europei-a-budapest-sesta-la-4x100-aspettando-quadarella-e-martinenghi\/#breadcrumb"},"inLanguage":"en-GB","potentialAction":[{"@type":"ReadAction","target":["http:\/\/www.ccaniene.com\/it_it\/europei-a-budapest-sesta-la-4x100-aspettando-quadarella-e-martinenghi\/"]}]},{"@type":"ImageObject","inLanguage":"en-GB","@id":"http:\/\/www.ccaniene.com\/it_it\/europei-a-budapest-sesta-la-4x100-aspettando-quadarella-e-martinenghi\/#primaryimage","url":"http:\/\/www.ccaniene.com\/wp-content\/uploads\/2021\/05\/nicolo.jpg","contentUrl":"http:\/\/www.ccaniene.com\/wp-content\/uploads\/2021\/05\/nicolo.jpg","width":889,"height":500},{"@type":"BreadcrumbList","@id":"http:\/\/www.ccaniene.com\/it_it\/europei-a-budapest-sesta-la-4x100-aspettando-quadarella-e-martinenghi\/#breadcrumb","itemListElement":[{"@type":"ListItem","position":1,"name":"Home","item":"http:\/\/www.ccaniene.com\/it_it\/"},{"@type":"ListItem","position":2,"name":"Europei a Budapest, sesta la 4&#215;100 aspettando Quadarella e Martinenghi"}]},{"@type":"WebSite","@id":"http:\/\/www.ccaniene.com\/it_it\/#website","url":"http:\/\/www.ccaniene.com\/it_it\/","name":"Circolo Canottieri Aniene","description":"Collare d&#039;Oro e Stella d&#039;Oro al Merito Sportivo","potentialAction":[{"@type":"SearchAction","target":{"@type":"EntryPoint","urlTemplate":"http:\/\/www.ccaniene.com\/it_it\/?s={search_term_string}"},"query-input":{"@type":"PropertyValueSpecification","valueRequired":true,"valueName":"search_term_string"}}],"inLanguage":"en-GB"},{"@type":"Person","@id":"http:\/\/www.ccaniene.com\/it_it\/#\/schema\/person\/6042bd0ba360674279dffd4247d570ed","name":"carlo.san@tin.it","image":{"@type":"ImageObject","inLanguage":"en-GB","@id":"http:\/\/www.ccaniene.com\/it_it\/#\/schema\/person\/image\/","url":"http:\/\/0.gravatar.com\/avatar\/f993a459d0ffe4d666e4c917fef20ca9?s=96&d=mm&r=g","contentUrl":"http:\/\/0.gravatar.com\/avatar\/f993a459d0ffe4d666e4c917fef20ca9?s=96&d=mm&r=g","caption":"carlo.san@tin.it"},"url":"http:\/\/www.ccaniene.com\/en\/author\/carlo-santi-2\/"}]}},"_links":{"self":[{"href":"http:\/\/www.ccaniene.com\/en\/wp-json\/wp\/v2\/posts\/20615"}],"collection":[{"href":"http:\/\/www.ccaniene.com\/en\/wp-json\/wp\/v2\/posts"}],"about":[{"href":"http:\/\/www.ccaniene.com\/en\/wp-json\/wp\/v2\/types\/post"}],"author":[{"embeddable":true,"href":"http:\/\/www.ccaniene.com\/en\/wp-json\/wp\/v2\/users\/23521"}],"replies":[{"embeddable":true,"href":"http:\/\/www.ccaniene.com\/en\/wp-json\/wp\/v2\/comments?post=20615"}],"version-history":[{"count":1,"href":"http:\/\/www.ccaniene.com\/en\/wp-json\/wp\/v2\/posts\/20615\/revisions"}],"predecessor-version":[{"id":20618,"href":"http:\/\/www.ccaniene.com\/en\/wp-json\/wp\/v2\/posts\/20615\/revisions\/20618"}],"wp:featuredmedia":[{"embeddable":true,"href":"http:\/\/www.ccaniene.com\/en\/wp-json\/wp\/v2\/media\/20616"}],"wp:attachment":[{"href":"http:\/\/www.ccaniene.com\/en\/wp-json\/wp\/v2\/media?parent=20615"}],"wp:term":[{"taxonomy":"category","embeddable":true,"href":"http:\/\/www.ccaniene.com\/en\/wp-json\/wp\/v2\/categories?post=20615"},{"taxonomy":"post_tag","embeddable":true,"href":"http:\/\/www.ccaniene.com\/en\/wp-json\/wp\/v2\/tags?post=20615"}],"curies":[{"name":"wp","href":"https:\/\/api.w.org\/{rel}","templated":true}]}}