{"id":20594,"date":"2021-05-17T17:56:31","date_gmt":"2021-05-17T15:56:31","guid":{"rendered":"https:\/\/www.ccaniene.com\/?p=20594"},"modified":"2021-05-17T19:48:51","modified_gmt":"2021-05-17T17:48:51","slug":"campionato-italiano-di-serie-a-al-via-al-bola-padel-club","status":"publish","type":"post","link":"http:\/\/www.ccaniene.com\/en\/campionato-italiano-di-serie-a-al-via-al-bola-padel-club\/","title":{"rendered":"Campionato italiano di Serie A al via al Bola Padel Club"},"content":{"rendered":"<p>Vincere \u00e8 un\u2019emozione, confermarsi \u00e8 sempre pi\u00f9 complicato. Sei scudetti di fila su altrettante finali del campionato italiano di padel. Il team del Circolo Canottieri Aniene \u00e8 pronto per la nuova sfida e lo fa puntando tutto sul gruppo. Quest\u2019anno il campionato, il settimo della sua storia, si disputer\u00e0 dal 20 al 23 maggio al Bola Padel Club (a porte chiuse) con la confermata formula mista mentre dal 2022 ci sar\u00e0 la suddivisione nel campionato maschile e nel campionato femminile.<\/p>\n\n\n\n<figure class=\"wp-block-gallery columns-1 is-cropped wp-block-gallery-1 is-layout-flex wp-block-gallery-is-layout-flex\"><ul class=\"blocks-gallery-grid\"><li class=\"blocks-gallery-item\"><figure><img fetchpriority=\"high\" decoding=\"async\" width=\"1600\" height=\"1066\" src=\"http:\/\/www.ccaniene.com\/wp-content\/uploads\/2021\/05\/padel1.jpg\" alt=\"\" data-id=\"20597\" data-full-url=\"http:\/\/www.ccaniene.com\/wp-content\/uploads\/2021\/05\/padel1.jpg\" data-link=\"https:\/\/www.ccaniene.com\/?attachment_id=20597\" class=\"wp-image-20597\" srcset=\"http:\/\/www.ccaniene.com\/wp-content\/uploads\/2021\/05\/padel1.jpg 1600w, http:\/\/www.ccaniene.com\/wp-content\/uploads\/2021\/05\/padel1-800x533.jpg 800w, http:\/\/www.ccaniene.com\/wp-content\/uploads\/2021\/05\/padel1-768x512.jpg 768w, http:\/\/www.ccaniene.com\/wp-content\/uploads\/2021\/05\/padel1-1536x1023.jpg 1536w\" sizes=\"(max-width: 1600px) 100vw, 1600px\" \/><\/figure><\/li><\/ul><\/figure>\n\n\n\n<p>L&#8217;Aniene \u00e8 nel girone A insieme a Magic Padel, Misano Sun Padel Team e GFG Sport David Lloyd.<\/p>\n\n\n\n<p>Il team della squadra diretta dal dg Alessandro Di Bella &#8211; quest\u2019anno per la prima volta non ci sar\u00e0, per scelta personale, il capitano Giovanni Ticca &#8211; rispetto al passato ha inserito un elemento, Virginia Riera, mentre un altro, Pablo Lijo\u2019, \u00e8 di ritorno. Quest\u2019ultima, italo-argentina, numero 17 del mondo e recente vincitrice del torneo WPT di Vigo, diventa pedina fondamentale per conquistare punti nelle sfide al femminile. Lijo\u2019, invece, che gioca con il nostro Circolo da cinque anni, nella passata stagione non ha potuto difendere i nostri colori per ragioni regolamentari. Ecco che Pablo diventa un vero \u201cacquisto\u201d e un elemento prezioso.<\/p>\n\n\n\n<figure class=\"wp-block-gallery columns-2 is-cropped wp-block-gallery-2 is-layout-flex wp-block-gallery-is-layout-flex\"><ul class=\"blocks-gallery-grid\"><li class=\"blocks-gallery-item\"><figure><img decoding=\"async\" width=\"928\" height=\"1066\" src=\"http:\/\/www.ccaniene.com\/wp-content\/uploads\/2021\/05\/padel2.jpg\" alt=\"\" data-id=\"20599\" data-full-url=\"http:\/\/www.ccaniene.com\/wp-content\/uploads\/2021\/05\/padel2.jpg\" data-link=\"https:\/\/www.ccaniene.com\/?attachment_id=20599\" class=\"wp-image-20599\" srcset=\"http:\/\/www.ccaniene.com\/wp-content\/uploads\/2021\/05\/padel2.jpg 928w, http:\/\/www.ccaniene.com\/wp-content\/uploads\/2021\/05\/padel2-696x800.jpg 696w, http:\/\/www.ccaniene.com\/wp-content\/uploads\/2021\/05\/padel2-768x882.jpg 768w\" sizes=\"(max-width: 928px) 100vw, 928px\" \/><\/figure><\/li><li class=\"blocks-gallery-item\"><figure><img decoding=\"async\" width=\"1600\" height=\"1066\" src=\"http:\/\/www.ccaniene.com\/wp-content\/uploads\/2021\/05\/padel3.jpg\" alt=\"\" data-id=\"20601\" data-full-url=\"http:\/\/www.ccaniene.com\/wp-content\/uploads\/2021\/05\/padel3.jpg\" data-link=\"https:\/\/www.ccaniene.com\/?attachment_id=20601\" class=\"wp-image-20601\" srcset=\"http:\/\/www.ccaniene.com\/wp-content\/uploads\/2021\/05\/padel3.jpg 1600w, http:\/\/www.ccaniene.com\/wp-content\/uploads\/2021\/05\/padel3-800x533.jpg 800w, http:\/\/www.ccaniene.com\/wp-content\/uploads\/2021\/05\/padel3-768x512.jpg 768w, http:\/\/www.ccaniene.com\/wp-content\/uploads\/2021\/05\/padel3-1536x1023.jpg 1536w\" sizes=\"(max-width: 1600px) 100vw, 1600px\" \/><\/figure><\/li><\/ul><\/figure>\n\n\n\n<p>Numero 1 delle ragazze della squadra \u00e8 Gemma Triay e con le le nostre tre stelle Carolina Orsi, Emily Stellato e Valentina Tommasi. Tra gli uomini, da ricordare Saverio Palmieri, socio del Circolo, Michele Bruno e poi Pablo Lima, Lucas Campagnolo, Lucas Bergamini, Martin Di Nenno, Matias Nicoletti e Juan Restivo.<\/p>\n\n\n\n<p>La formula adottata quest\u2019anno prevede tutto in una sede viste le (ancora) condizioni dettate dalla pandemia e senza pubblico. L\u2019intero campionato potr\u00e0 essere seguito in diretta tiv\u00f9 su Supertennis.<\/p>\n\n\n\n<p>Il livello della competizione \u00e8 sempre pi\u00f9 alto e per questo ogni partita \u00e8 una vera sfida e, quindi, fare pronostici diventa complicato. Se l\u2019Aniene \u00e8 in corsa per confermarsi leader, Orange e Due Ponti sono antagoniste di primissimo piano. \u00abOgni partita \u00e8 sempre pi\u00f9 complicata &#8211; il commento di Di Bella che segue con competenza e passione la sezione padel del Circolo Canottieri Aniene &#8211; e noi siamo sempre vicini ai ragazzi per metterli nelle migliori condizioni per esprimersi\u00bb.<\/p>\n\n\n\n<figure class=\"wp-block-gallery columns-2 is-cropped wp-block-gallery-3 is-layout-flex wp-block-gallery-is-layout-flex\"><ul class=\"blocks-gallery-grid\"><li class=\"blocks-gallery-item\"><figure><img loading=\"lazy\" decoding=\"async\" width=\"1600\" height=\"1066\" src=\"http:\/\/www.ccaniene.com\/wp-content\/uploads\/2021\/05\/padel4.jpg\" alt=\"\" data-id=\"20603\" data-full-url=\"http:\/\/www.ccaniene.com\/wp-content\/uploads\/2021\/05\/padel4.jpg\" data-link=\"https:\/\/www.ccaniene.com\/?attachment_id=20603\" class=\"wp-image-20603\" srcset=\"http:\/\/www.ccaniene.com\/wp-content\/uploads\/2021\/05\/padel4.jpg 1600w, http:\/\/www.ccaniene.com\/wp-content\/uploads\/2021\/05\/padel4-800x533.jpg 800w, http:\/\/www.ccaniene.com\/wp-content\/uploads\/2021\/05\/padel4-768x512.jpg 768w, http:\/\/www.ccaniene.com\/wp-content\/uploads\/2021\/05\/padel4-1536x1023.jpg 1536w\" sizes=\"(max-width: 1600px) 100vw, 1600px\" \/><\/figure><\/li><li class=\"blocks-gallery-item\"><figure><img loading=\"lazy\" decoding=\"async\" width=\"1600\" height=\"1200\" src=\"http:\/\/www.ccaniene.com\/wp-content\/uploads\/2021\/05\/padel5.jpg\" alt=\"\" data-id=\"20605\" data-full-url=\"http:\/\/www.ccaniene.com\/wp-content\/uploads\/2021\/05\/padel5.jpg\" data-link=\"https:\/\/www.ccaniene.com\/?attachment_id=20605\" class=\"wp-image-20605\" srcset=\"http:\/\/www.ccaniene.com\/wp-content\/uploads\/2021\/05\/padel5.jpg 1600w, http:\/\/www.ccaniene.com\/wp-content\/uploads\/2021\/05\/padel5-800x600.jpg 800w, http:\/\/www.ccaniene.com\/wp-content\/uploads\/2021\/05\/padel5-768x576.jpg 768w, http:\/\/www.ccaniene.com\/wp-content\/uploads\/2021\/05\/padel5-1536x1152.jpg 1536w\" sizes=\"(max-width: 1600px) 100vw, 1600px\" \/><\/figure><\/li><\/ul><\/figure>\n\n\n\n<p>L\u2019evento della Serie A di questo fine settimana sar\u00e0 seguito dalle Serie B, da una di Serie C tutta di Soci e due di serie D di cui una composta da giovani della nostra scuola padel.<\/p>\n\n\n\n<p>Il team \u00e8 guidato dal dg Alessandro Di Bella mentre Roberto Agnini \u00e8 l\u2019allenatore.<\/p>\n\n\n\n<p><strong>Il programma<\/strong><\/p>\n\n\n\n<p>Gioved\u00ec, ore 14: CC Aniene-Sun Padel Riccione<\/p>\n\n\n\n<p>Venerd\u00ec ore 10: CC Aniene perdente di David Lloyd Milano-Magic Padel<\/p>\n\n\n\n<p>Venerd\u00ec ore 14: CC Aniene contro vincente di David Lloyd Milano-Magic Padel<\/p>\n\n\n\n<p>Sabato e domenica eventuali semifinali e finali<\/p>\n\n\n\n<figure class=\"wp-block-image size-large\"><img loading=\"lazy\" decoding=\"async\" width=\"1920\" height=\"1920\" src=\"http:\/\/www.ccaniene.com\/wp-content\/uploads\/2021\/05\/padel6-1920x1920.jpg\" alt=\"\" class=\"wp-image-20607\" srcset=\"http:\/\/www.ccaniene.com\/wp-content\/uploads\/2021\/05\/padel6-1920x1920.jpg 1920w, http:\/\/www.ccaniene.com\/wp-content\/uploads\/2021\/05\/padel6-800x800.jpg 800w, http:\/\/www.ccaniene.com\/wp-content\/uploads\/2021\/05\/padel6-400x400.jpg 400w, http:\/\/www.ccaniene.com\/wp-content\/uploads\/2021\/05\/padel6-768x768.jpg 768w, http:\/\/www.ccaniene.com\/wp-content\/uploads\/2021\/05\/padel6-1536x1536.jpg 1536w, http:\/\/www.ccaniene.com\/wp-content\/uploads\/2021\/05\/padel6.jpg 2048w\" sizes=\"(max-width: 1920px) 100vw, 1920px\" \/><\/figure>\n\n\n\n<p><\/p>\n\n\n\n<figure class=\"wp-block-image size-large\"><img loading=\"lazy\" decoding=\"async\" width=\"667\" height=\"1000\" src=\"http:\/\/www.ccaniene.com\/wp-content\/uploads\/2021\/05\/alessandro.jpg\" alt=\"\" class=\"wp-image-20610\" srcset=\"http:\/\/www.ccaniene.com\/wp-content\/uploads\/2021\/05\/alessandro.jpg 667w, http:\/\/www.ccaniene.com\/wp-content\/uploads\/2021\/05\/alessandro-534x800.jpg 534w\" sizes=\"(max-width: 667px) 100vw, 667px\" \/><\/figure>","protected":false},"excerpt":{"rendered":"<p>Vincere \u00e8 un\u2019emozione, confermarsi \u00e8 sempre pi\u00f9 complicato. Sei scudetti di fila su altrettante finali del campionato italiano di padel. Il team del Circolo Canottieri Aniene \u00e8 pronto per la nuova sfida e lo fa puntando tutto sul gruppo. Quest\u2019anno il campionato, il settimo della sua storia, si disputer\u00e0 dal 20 al 23 maggio al [&hellip;]<\/p>","protected":false},"author":23521,"featured_media":20595,"comment_status":"closed","ping_status":"closed","sticky":false,"template":"","format":"standard","meta":{"pmpro_default_level":0,"footnotes":"","_links_to":"","_links_to_target":""},"categories":[1,47],"tags":[],"class_list":["post-20594","post","type-post","status-publish","format-standard","has-post-thumbnail","hentry","category-news","category-paddle","pmpro-has-access"],"featured_image_urls":{"medium":"http:\/\/www.ccaniene.com\/wp-content\/uploads\/2021\/05\/padelsquadra-800x539.jpg","thumbnail":"http:\/\/www.ccaniene.com\/wp-content\/uploads\/2021\/05\/padelsquadra-400x400.jpg","medium_large":"http:\/\/www.ccaniene.com\/wp-content\/uploads\/2021\/05\/padelsquadra-768x517.jpg"},"appp_media":null,"yoast_head":"<!-- This site is optimized with the Yoast SEO plugin v23.6 - https:\/\/yoast.com\/wordpress\/plugins\/seo\/ -->\n<title>Campionato italiano di Serie A al via al Bola Padel Club - Circolo Canottieri Aniene<\/title>\n<meta name=\"robots\" content=\"index, follow, max-snippet:-1, max-image-preview:large, max-video-preview:-1\" \/>\n<link rel=\"canonical\" href=\"http:\/\/www.ccaniene.com\/en\/campionato-italiano-di-serie-a-al-via-al-bola-padel-club\/\" \/>\n<meta property=\"og:locale\" content=\"en_GB\" \/>\n<meta property=\"og:type\" content=\"article\" \/>\n<meta property=\"og:title\" content=\"Campionato italiano di Serie A al via al Bola Padel Club - Circolo Canottieri Aniene\" \/>\n<meta property=\"og:description\" content=\"Vincere \u00e8 un\u2019emozione, confermarsi \u00e8 sempre pi\u00f9 complicato. Sei scudetti di fila su altrettante finali del campionato italiano di padel. Il team del Circolo Canottieri Aniene \u00e8 pronto per la nuova sfida e lo fa puntando tutto sul gruppo. Quest\u2019anno il campionato, il settimo della sua storia, si disputer\u00e0 dal 20 al 23 maggio al [&hellip;]\" \/>\n<meta property=\"og:url\" content=\"http:\/\/www.ccaniene.com\/en\/campionato-italiano-di-serie-a-al-via-al-bola-padel-club\/\" \/>\n<meta property=\"og:site_name\" content=\"Circolo Canottieri Aniene\" \/>\n<meta property=\"article:published_time\" content=\"2021-05-17T15:56:31+00:00\" \/>\n<meta property=\"article:modified_time\" content=\"2021-05-17T17:48:51+00:00\" \/>\n<meta property=\"og:image\" content=\"http:\/\/www.ccaniene.com\/wp-content\/uploads\/2021\/05\/padelsquadra.jpg\" \/>\n\t<meta property=\"og:image:width\" content=\"818\" \/>\n\t<meta property=\"og:image:height\" content=\"551\" \/>\n\t<meta property=\"og:image:type\" content=\"image\/jpeg\" \/>\n<meta name=\"author\" content=\"carlo.san@tin.it\" \/>\n<meta name=\"twitter:card\" content=\"summary_large_image\" \/>\n<meta name=\"twitter:label1\" content=\"Written by\" \/>\n\t<meta name=\"twitter:data1\" content=\"carlo.san@tin.it\" \/>\n\t<meta name=\"twitter:label2\" content=\"Estimated reading time\" \/>\n\t<meta name=\"twitter:data2\" content=\"4 minutes\" \/>\n<script type=\"application\/ld+json\" class=\"yoast-schema-graph\">{\"@context\":\"https:\/\/schema.org\",\"@graph\":[{\"@type\":\"WebPage\",\"@id\":\"http:\/\/www.ccaniene.com\/it_it\/campionato-italiano-di-serie-a-al-via-al-bola-padel-club\/\",\"url\":\"http:\/\/www.ccaniene.com\/it_it\/campionato-italiano-di-serie-a-al-via-al-bola-padel-club\/\",\"name\":\"Campionato italiano di Serie A al via al Bola Padel Club - Circolo Canottieri Aniene\",\"isPartOf\":{\"@id\":\"http:\/\/www.ccaniene.com\/it_it\/#website\"},\"primaryImageOfPage\":{\"@id\":\"http:\/\/www.ccaniene.com\/it_it\/campionato-italiano-di-serie-a-al-via-al-bola-padel-club\/#primaryimage\"},\"image\":{\"@id\":\"http:\/\/www.ccaniene.com\/it_it\/campionato-italiano-di-serie-a-al-via-al-bola-padel-club\/#primaryimage\"},\"thumbnailUrl\":\"http:\/\/www.ccaniene.com\/wp-content\/uploads\/2021\/05\/padelsquadra.jpg\",\"datePublished\":\"2021-05-17T15:56:31+00:00\",\"dateModified\":\"2021-05-17T17:48:51+00:00\",\"author\":{\"@id\":\"http:\/\/www.ccaniene.com\/it_it\/#\/schema\/person\/6042bd0ba360674279dffd4247d570ed\"},\"breadcrumb\":{\"@id\":\"http:\/\/www.ccaniene.com\/it_it\/campionato-italiano-di-serie-a-al-via-al-bola-padel-club\/#breadcrumb\"},\"inLanguage\":\"en-GB\",\"potentialAction\":[{\"@type\":\"ReadAction\",\"target\":[\"http:\/\/www.ccaniene.com\/it_it\/campionato-italiano-di-serie-a-al-via-al-bola-padel-club\/\"]}]},{\"@type\":\"ImageObject\",\"inLanguage\":\"en-GB\",\"@id\":\"http:\/\/www.ccaniene.com\/it_it\/campionato-italiano-di-serie-a-al-via-al-bola-padel-club\/#primaryimage\",\"url\":\"http:\/\/www.ccaniene.com\/wp-content\/uploads\/2021\/05\/padelsquadra.jpg\",\"contentUrl\":\"http:\/\/www.ccaniene.com\/wp-content\/uploads\/2021\/05\/padelsquadra.jpg\",\"width\":818,\"height\":551},{\"@type\":\"BreadcrumbList\",\"@id\":\"http:\/\/www.ccaniene.com\/it_it\/campionato-italiano-di-serie-a-al-via-al-bola-padel-club\/#breadcrumb\",\"itemListElement\":[{\"@type\":\"ListItem\",\"position\":1,\"name\":\"Home\",\"item\":\"http:\/\/www.ccaniene.com\/it_it\/\"},{\"@type\":\"ListItem\",\"position\":2,\"name\":\"Campionato italiano di Serie A al via al Bola Padel Club\"}]},{\"@type\":\"WebSite\",\"@id\":\"http:\/\/www.ccaniene.com\/it_it\/#website\",\"url\":\"http:\/\/www.ccaniene.com\/it_it\/\",\"name\":\"Circolo Canottieri Aniene\",\"description\":\"Collare d&#039;Oro e Stella d&#039;Oro al Merito Sportivo\",\"potentialAction\":[{\"@type\":\"SearchAction\",\"target\":{\"@type\":\"EntryPoint\",\"urlTemplate\":\"http:\/\/www.ccaniene.com\/it_it\/?s={search_term_string}\"},\"query-input\":{\"@type\":\"PropertyValueSpecification\",\"valueRequired\":true,\"valueName\":\"search_term_string\"}}],\"inLanguage\":\"en-GB\"},{\"@type\":\"Person\",\"@id\":\"http:\/\/www.ccaniene.com\/it_it\/#\/schema\/person\/6042bd0ba360674279dffd4247d570ed\",\"name\":\"carlo.san@tin.it\",\"image\":{\"@type\":\"ImageObject\",\"inLanguage\":\"en-GB\",\"@id\":\"http:\/\/www.ccaniene.com\/it_it\/#\/schema\/person\/image\/\",\"url\":\"http:\/\/0.gravatar.com\/avatar\/f993a459d0ffe4d666e4c917fef20ca9?s=96&d=mm&r=g\",\"contentUrl\":\"http:\/\/0.gravatar.com\/avatar\/f993a459d0ffe4d666e4c917fef20ca9?s=96&d=mm&r=g\",\"caption\":\"carlo.san@tin.it\"},\"url\":\"http:\/\/www.ccaniene.com\/en\/author\/carlo-santi-2\/\"}]}<\/script>\n<!-- \/ Yoast SEO plugin. -->","yoast_head_json":{"title":"Campionato italiano di Serie A al via al Bola Padel Club - Circolo Canottieri Aniene","robots":{"index":"index","follow":"follow","max-snippet":"max-snippet:-1","max-image-preview":"max-image-preview:large","max-video-preview":"max-video-preview:-1"},"canonical":"http:\/\/www.ccaniene.com\/en\/campionato-italiano-di-serie-a-al-via-al-bola-padel-club\/","og_locale":"en_GB","og_type":"article","og_title":"Campionato italiano di Serie A al via al Bola Padel Club - Circolo Canottieri Aniene","og_description":"Vincere \u00e8 un\u2019emozione, confermarsi \u00e8 sempre pi\u00f9 complicato. Sei scudetti di fila su altrettante finali del campionato italiano di padel. Il team del Circolo Canottieri Aniene \u00e8 pronto per la nuova sfida e lo fa puntando tutto sul gruppo. Quest\u2019anno il campionato, il settimo della sua storia, si disputer\u00e0 dal 20 al 23 maggio al [&hellip;]","og_url":"http:\/\/www.ccaniene.com\/en\/campionato-italiano-di-serie-a-al-via-al-bola-padel-club\/","og_site_name":"Circolo Canottieri Aniene","article_published_time":"2021-05-17T15:56:31+00:00","article_modified_time":"2021-05-17T17:48:51+00:00","og_image":[{"width":818,"height":551,"url":"http:\/\/www.ccaniene.com\/wp-content\/uploads\/2021\/05\/padelsquadra.jpg","type":"image\/jpeg"}],"author":"carlo.san@tin.it","twitter_card":"summary_large_image","twitter_misc":{"Written by":"carlo.san@tin.it","Estimated reading time":"4 minutes"},"schema":{"@context":"https:\/\/schema.org","@graph":[{"@type":"WebPage","@id":"http:\/\/www.ccaniene.com\/it_it\/campionato-italiano-di-serie-a-al-via-al-bola-padel-club\/","url":"http:\/\/www.ccaniene.com\/it_it\/campionato-italiano-di-serie-a-al-via-al-bola-padel-club\/","name":"Campionato italiano di Serie A al via al Bola Padel Club - Circolo Canottieri Aniene","isPartOf":{"@id":"http:\/\/www.ccaniene.com\/it_it\/#website"},"primaryImageOfPage":{"@id":"http:\/\/www.ccaniene.com\/it_it\/campionato-italiano-di-serie-a-al-via-al-bola-padel-club\/#primaryimage"},"image":{"@id":"http:\/\/www.ccaniene.com\/it_it\/campionato-italiano-di-serie-a-al-via-al-bola-padel-club\/#primaryimage"},"thumbnailUrl":"http:\/\/www.ccaniene.com\/wp-content\/uploads\/2021\/05\/padelsquadra.jpg","datePublished":"2021-05-17T15:56:31+00:00","dateModified":"2021-05-17T17:48:51+00:00","author":{"@id":"http:\/\/www.ccaniene.com\/it_it\/#\/schema\/person\/6042bd0ba360674279dffd4247d570ed"},"breadcrumb":{"@id":"http:\/\/www.ccaniene.com\/it_it\/campionato-italiano-di-serie-a-al-via-al-bola-padel-club\/#breadcrumb"},"inLanguage":"en-GB","potentialAction":[{"@type":"ReadAction","target":["http:\/\/www.ccaniene.com\/it_it\/campionato-italiano-di-serie-a-al-via-al-bola-padel-club\/"]}]},{"@type":"ImageObject","inLanguage":"en-GB","@id":"http:\/\/www.ccaniene.com\/it_it\/campionato-italiano-di-serie-a-al-via-al-bola-padel-club\/#primaryimage","url":"http:\/\/www.ccaniene.com\/wp-content\/uploads\/2021\/05\/padelsquadra.jpg","contentUrl":"http:\/\/www.ccaniene.com\/wp-content\/uploads\/2021\/05\/padelsquadra.jpg","width":818,"height":551},{"@type":"BreadcrumbList","@id":"http:\/\/www.ccaniene.com\/it_it\/campionato-italiano-di-serie-a-al-via-al-bola-padel-club\/#breadcrumb","itemListElement":[{"@type":"ListItem","position":1,"name":"Home","item":"http:\/\/www.ccaniene.com\/it_it\/"},{"@type":"ListItem","position":2,"name":"Campionato italiano di Serie A al via al Bola Padel Club"}]},{"@type":"WebSite","@id":"http:\/\/www.ccaniene.com\/it_it\/#website","url":"http:\/\/www.ccaniene.com\/it_it\/","name":"Circolo Canottieri Aniene","description":"Collare d&#039;Oro e Stella d&#039;Oro al Merito Sportivo","potentialAction":[{"@type":"SearchAction","target":{"@type":"EntryPoint","urlTemplate":"http:\/\/www.ccaniene.com\/it_it\/?s={search_term_string}"},"query-input":{"@type":"PropertyValueSpecification","valueRequired":true,"valueName":"search_term_string"}}],"inLanguage":"en-GB"},{"@type":"Person","@id":"http:\/\/www.ccaniene.com\/it_it\/#\/schema\/person\/6042bd0ba360674279dffd4247d570ed","name":"carlo.san@tin.it","image":{"@type":"ImageObject","inLanguage":"en-GB","@id":"http:\/\/www.ccaniene.com\/it_it\/#\/schema\/person\/image\/","url":"http:\/\/0.gravatar.com\/avatar\/f993a459d0ffe4d666e4c917fef20ca9?s=96&d=mm&r=g","contentUrl":"http:\/\/0.gravatar.com\/avatar\/f993a459d0ffe4d666e4c917fef20ca9?s=96&d=mm&r=g","caption":"carlo.san@tin.it"},"url":"http:\/\/www.ccaniene.com\/en\/author\/carlo-santi-2\/"}]}},"_links":{"self":[{"href":"http:\/\/www.ccaniene.com\/en\/wp-json\/wp\/v2\/posts\/20594"}],"collection":[{"href":"http:\/\/www.ccaniene.com\/en\/wp-json\/wp\/v2\/posts"}],"about":[{"href":"http:\/\/www.ccaniene.com\/en\/wp-json\/wp\/v2\/types\/post"}],"author":[{"embeddable":true,"href":"http:\/\/www.ccaniene.com\/en\/wp-json\/wp\/v2\/users\/23521"}],"replies":[{"embeddable":true,"href":"http:\/\/www.ccaniene.com\/en\/wp-json\/wp\/v2\/comments?post=20594"}],"version-history":[{"count":3,"href":"http:\/\/www.ccaniene.com\/en\/wp-json\/wp\/v2\/posts\/20594\/revisions"}],"predecessor-version":[{"id":20614,"href":"http:\/\/www.ccaniene.com\/en\/wp-json\/wp\/v2\/posts\/20594\/revisions\/20614"}],"wp:featuredmedia":[{"embeddable":true,"href":"http:\/\/www.ccaniene.com\/en\/wp-json\/wp\/v2\/media\/20595"}],"wp:attachment":[{"href":"http:\/\/www.ccaniene.com\/en\/wp-json\/wp\/v2\/media?parent=20594"}],"wp:term":[{"taxonomy":"category","embeddable":true,"href":"http:\/\/www.ccaniene.com\/en\/wp-json\/wp\/v2\/categories?post=20594"},{"taxonomy":"post_tag","embeddable":true,"href":"http:\/\/www.ccaniene.com\/en\/wp-json\/wp\/v2\/tags?post=20594"}],"curies":[{"name":"wp","href":"https:\/\/api.w.org\/{rel}","templated":true}]}}