{"id":20581,"date":"2021-05-16T22:33:06","date_gmt":"2021-05-16T20:33:06","guid":{"rendered":"https:\/\/www.ccaniene.com\/?p=20581"},"modified":"2021-05-17T10:48:47","modified_gmt":"2021-05-17T08:48:47","slug":"alessia-scortechini-oro-nei-50sl-ai-campionati-europei-paralimpici","status":"publish","type":"post","link":"http:\/\/www.ccaniene.com\/en\/alessia-scortechini-oro-nei-50sl-ai-campionati-europei-paralimpici\/","title":{"rendered":"Alessia Scortechini oro nei 50sl ai campionati Europei paralimpici"},"content":{"rendered":"<p>Medaglia d\u2019oro per Alessia Scortechini nella finale dei 50 stile libero ai campionati Europei paralimpici di Madeira, in Portogallo. Alessia, che ha gareggiato nella categoria S10, ha toccato in 28\u201d71 e ha battuto l\u2019estone Susannah Kaul (29\u201d31) e la francese Emeline Pierre (29\u201d73).<\/p>\n\n\n\n<p>Ha ben figurato anche Riccardo Menciotti, sempre nei 50 stile con il sesto posto in finale considerando che lui \u00e8 un dorsista. Per lui 25\u201d57 nella finale vinta dall\u2019ucraino Maksym Krypak con 23\u201d53.<\/p>\n\n\n\n<p>\u00c8 stata davvero una partenza col botto in quel di Funchal nel primo giorno di gare, con l\u2019Italia saldamente al comando del medagliere, 7 ori , 6 argenti e 4 bronzi. I nostri campioni contribuiscono al ricco bottino con l\u2019oro di Alessia Scortechini al suo primo titolo continentale, nei 50sl S10 con un buon 28\u201d74, a due decimi dal suo record italiano. Alessia entrata in finale col primo tempo ha dominato la gara con una partenza fulminea (0\u201d69 allo stacco), e cos\u00ec come aveva fatto al mattino ha chiuso i conti fin da subito spegnendo sul nascere le velleit\u00e0 delle rivali e vincendo agevolmente lasciando la seconda oltre 6 decimi dietro di lei.<\/p>\n\n\n\n<p>La nostra atleta, allenata da Alessandro D\u2019Alessandro, ha dimostrato una volta di pi\u00f9 di saper gestire molto bene pressione e gare e di non essere franta da una condizione che non pu\u00f2 essere al top visto che la preparazione \u00e8 incentrata sui Giochi Paralimpici di Toky.<\/p>\n\n\n\n<p>Merita una menzione il sesto posto di Riccardo Menciotti nella finale della stessa gara versione maschile in un lotto di concorrenti di primissimo piano (l\u2019oro se lo \u00e8 aggiudicato l\u2019ucraino Kripak campione olimpico in carica davanti all\u2019italiano Raimondi, campione mondiale in carica) ed in una gara non certo conforme alle sue capacit\u00e0 \u00e8 senz\u2019altro un segnale importante confermato da due dati tecnici: il primato personale in 25\u201d57 ed il miglior stacco dal blocchetto in 0\u201d62 che rappresentano segnali pi\u00f9 che incoraggianti per le prove future in cui lo attendiamo protagonista nei 100 dorso e nei 200 misti.<\/p>","protected":false},"excerpt":{"rendered":"<p>Medaglia d\u2019oro per Alessia Scortechini nella finale dei 50 stile libero ai campionati Europei paralimpici di Madeira, in Portogallo. Alessia, che ha gareggiato nella categoria S10, ha toccato in 28\u201d71 e ha battuto l\u2019estone Susannah Kaul (29\u201d31) e la francese Emeline Pierre (29\u201d73). Ha ben figurato anche Riccardo Menciotti, sempre nei 50 stile con il [&hellip;]<\/p>","protected":false},"author":23521,"featured_media":20582,"comment_status":"closed","ping_status":"closed","sticky":false,"template":"","format":"standard","meta":{"pmpro_default_level":0,"footnotes":"","_links_to":"","_links_to_target":""},"categories":[1,46],"tags":[],"class_list":["post-20581","post","type-post","status-publish","format-standard","has-post-thumbnail","hentry","category-news","category-sport-paralimpici","pmpro-has-access"],"featured_image_urls":{"medium":"http:\/\/www.ccaniene.com\/wp-content\/uploads\/2021\/05\/667C2DB1-3EDB-4899-848A-87B028F5400E-800x450.jpeg","thumbnail":"http:\/\/www.ccaniene.com\/wp-content\/uploads\/2021\/05\/667C2DB1-3EDB-4899-848A-87B028F5400E-400x400.jpeg","medium_large":"http:\/\/www.ccaniene.com\/wp-content\/uploads\/2021\/05\/667C2DB1-3EDB-4899-848A-87B028F5400E-768x432.jpeg","1536x1536":"http:\/\/www.ccaniene.com\/wp-content\/uploads\/2021\/05\/667C2DB1-3EDB-4899-848A-87B028F5400E-1536x864.jpeg"},"appp_media":null,"yoast_head":"<!-- This site is optimized with the Yoast SEO plugin v23.6 - https:\/\/yoast.com\/wordpress\/plugins\/seo\/ -->\n<title>Alessia Scortechini oro nei 50sl ai campionati Europei paralimpici - Circolo Canottieri Aniene<\/title>\n<meta name=\"robots\" content=\"index, follow, max-snippet:-1, max-image-preview:large, max-video-preview:-1\" \/>\n<link rel=\"canonical\" href=\"https:\/\/www.ccaniene.com\/en\/alessia-scortechini-oro-nei-50sl-ai-campionati-europei-paralimpici\/\" \/>\n<meta property=\"og:locale\" content=\"en_GB\" \/>\n<meta property=\"og:type\" content=\"article\" \/>\n<meta property=\"og:title\" content=\"Alessia Scortechini oro nei 50sl ai campionati Europei paralimpici - Circolo Canottieri Aniene\" \/>\n<meta property=\"og:description\" content=\"Medaglia d\u2019oro per Alessia Scortechini nella finale dei 50 stile libero ai campionati Europei paralimpici di Madeira, in Portogallo. Alessia, che ha gareggiato nella categoria S10, ha toccato in 28\u201d71 e ha battuto l\u2019estone Susannah Kaul (29\u201d31) e la francese Emeline Pierre (29\u201d73). Ha ben figurato anche Riccardo Menciotti, sempre nei 50 stile con il [&hellip;]\" \/>\n<meta property=\"og:url\" content=\"https:\/\/www.ccaniene.com\/en\/alessia-scortechini-oro-nei-50sl-ai-campionati-europei-paralimpici\/\" \/>\n<meta property=\"og:site_name\" content=\"Circolo Canottieri Aniene\" \/>\n<meta property=\"article:published_time\" content=\"2021-05-16T20:33:06+00:00\" \/>\n<meta property=\"article:modified_time\" content=\"2021-05-17T08:48:47+00:00\" \/>\n<meta property=\"og:image\" content=\"https:\/\/www.ccaniene.com\/wp-content\/uploads\/2021\/05\/667C2DB1-3EDB-4899-848A-87B028F5400E.jpeg\" \/>\n\t<meta property=\"og:image:width\" content=\"1600\" \/>\n\t<meta property=\"og:image:height\" content=\"900\" \/>\n\t<meta property=\"og:image:type\" content=\"image\/jpeg\" \/>\n<meta name=\"author\" content=\"carlo.san@tin.it\" \/>\n<meta name=\"twitter:card\" content=\"summary_large_image\" \/>\n<meta name=\"twitter:label1\" content=\"Written by\" \/>\n\t<meta name=\"twitter:data1\" content=\"carlo.san@tin.it\" \/>\n\t<meta name=\"twitter:label2\" content=\"Estimated reading time\" \/>\n\t<meta name=\"twitter:data2\" content=\"2 minutes\" \/>\n<script type=\"application\/ld+json\" class=\"yoast-schema-graph\">{\"@context\":\"https:\/\/schema.org\",\"@graph\":[{\"@type\":\"WebPage\",\"@id\":\"https:\/\/www.ccaniene.com\/en\/alessia-scortechini-oro-nei-50sl-ai-campionati-europei-paralimpici\/\",\"url\":\"https:\/\/www.ccaniene.com\/en\/alessia-scortechini-oro-nei-50sl-ai-campionati-europei-paralimpici\/\",\"name\":\"Alessia Scortechini oro nei 50sl ai campionati Europei paralimpici - Circolo Canottieri Aniene\",\"isPartOf\":{\"@id\":\"http:\/\/www.ccaniene.com\/it_it\/#website\"},\"primaryImageOfPage\":{\"@id\":\"https:\/\/www.ccaniene.com\/en\/alessia-scortechini-oro-nei-50sl-ai-campionati-europei-paralimpici\/#primaryimage\"},\"image\":{\"@id\":\"https:\/\/www.ccaniene.com\/en\/alessia-scortechini-oro-nei-50sl-ai-campionati-europei-paralimpici\/#primaryimage\"},\"thumbnailUrl\":\"http:\/\/www.ccaniene.com\/wp-content\/uploads\/2021\/05\/667C2DB1-3EDB-4899-848A-87B028F5400E.jpeg\",\"datePublished\":\"2021-05-16T20:33:06+00:00\",\"dateModified\":\"2021-05-17T08:48:47+00:00\",\"author\":{\"@id\":\"http:\/\/www.ccaniene.com\/it_it\/#\/schema\/person\/6042bd0ba360674279dffd4247d570ed\"},\"breadcrumb\":{\"@id\":\"https:\/\/www.ccaniene.com\/en\/alessia-scortechini-oro-nei-50sl-ai-campionati-europei-paralimpici\/#breadcrumb\"},\"inLanguage\":\"en-GB\",\"potentialAction\":[{\"@type\":\"ReadAction\",\"target\":[\"https:\/\/www.ccaniene.com\/en\/alessia-scortechini-oro-nei-50sl-ai-campionati-europei-paralimpici\/\"]}]},{\"@type\":\"ImageObject\",\"inLanguage\":\"en-GB\",\"@id\":\"https:\/\/www.ccaniene.com\/en\/alessia-scortechini-oro-nei-50sl-ai-campionati-europei-paralimpici\/#primaryimage\",\"url\":\"http:\/\/www.ccaniene.com\/wp-content\/uploads\/2021\/05\/667C2DB1-3EDB-4899-848A-87B028F5400E.jpeg\",\"contentUrl\":\"http:\/\/www.ccaniene.com\/wp-content\/uploads\/2021\/05\/667C2DB1-3EDB-4899-848A-87B028F5400E.jpeg\",\"width\":1600,\"height\":900},{\"@type\":\"BreadcrumbList\",\"@id\":\"https:\/\/www.ccaniene.com\/en\/alessia-scortechini-oro-nei-50sl-ai-campionati-europei-paralimpici\/#breadcrumb\",\"itemListElement\":[{\"@type\":\"ListItem\",\"position\":1,\"name\":\"Home\",\"item\":\"http:\/\/www.ccaniene.com\/it_it\/\"},{\"@type\":\"ListItem\",\"position\":2,\"name\":\"Alessia Scortechini oro nei 50sl ai campionati Europei paralimpici\"}]},{\"@type\":\"WebSite\",\"@id\":\"http:\/\/www.ccaniene.com\/it_it\/#website\",\"url\":\"http:\/\/www.ccaniene.com\/it_it\/\",\"name\":\"Circolo Canottieri Aniene\",\"description\":\"Collare d&#039;Oro e Stella d&#039;Oro al Merito Sportivo\",\"potentialAction\":[{\"@type\":\"SearchAction\",\"target\":{\"@type\":\"EntryPoint\",\"urlTemplate\":\"http:\/\/www.ccaniene.com\/it_it\/?s={search_term_string}\"},\"query-input\":{\"@type\":\"PropertyValueSpecification\",\"valueRequired\":true,\"valueName\":\"search_term_string\"}}],\"inLanguage\":\"en-GB\"},{\"@type\":\"Person\",\"@id\":\"http:\/\/www.ccaniene.com\/it_it\/#\/schema\/person\/6042bd0ba360674279dffd4247d570ed\",\"name\":\"carlo.san@tin.it\",\"image\":{\"@type\":\"ImageObject\",\"inLanguage\":\"en-GB\",\"@id\":\"http:\/\/www.ccaniene.com\/it_it\/#\/schema\/person\/image\/\",\"url\":\"http:\/\/0.gravatar.com\/avatar\/f993a459d0ffe4d666e4c917fef20ca9?s=96&d=mm&r=g\",\"contentUrl\":\"http:\/\/0.gravatar.com\/avatar\/f993a459d0ffe4d666e4c917fef20ca9?s=96&d=mm&r=g\",\"caption\":\"carlo.san@tin.it\"},\"url\":\"http:\/\/www.ccaniene.com\/en\/author\/carlo-santi-2\/\"}]}<\/script>\n<!-- \/ Yoast SEO plugin. -->","yoast_head_json":{"title":"Alessia Scortechini oro nei 50sl ai campionati Europei paralimpici - Circolo Canottieri Aniene","robots":{"index":"index","follow":"follow","max-snippet":"max-snippet:-1","max-image-preview":"max-image-preview:large","max-video-preview":"max-video-preview:-1"},"canonical":"https:\/\/www.ccaniene.com\/en\/alessia-scortechini-oro-nei-50sl-ai-campionati-europei-paralimpici\/","og_locale":"en_GB","og_type":"article","og_title":"Alessia Scortechini oro nei 50sl ai campionati Europei paralimpici - Circolo Canottieri Aniene","og_description":"Medaglia d\u2019oro per Alessia Scortechini nella finale dei 50 stile libero ai campionati Europei paralimpici di Madeira, in Portogallo. Alessia, che ha gareggiato nella categoria S10, ha toccato in 28\u201d71 e ha battuto l\u2019estone Susannah Kaul (29\u201d31) e la francese Emeline Pierre (29\u201d73). Ha ben figurato anche Riccardo Menciotti, sempre nei 50 stile con il [&hellip;]","og_url":"https:\/\/www.ccaniene.com\/en\/alessia-scortechini-oro-nei-50sl-ai-campionati-europei-paralimpici\/","og_site_name":"Circolo Canottieri Aniene","article_published_time":"2021-05-16T20:33:06+00:00","article_modified_time":"2021-05-17T08:48:47+00:00","og_image":[{"width":1600,"height":900,"url":"https:\/\/www.ccaniene.com\/wp-content\/uploads\/2021\/05\/667C2DB1-3EDB-4899-848A-87B028F5400E.jpeg","type":"image\/jpeg"}],"author":"carlo.san@tin.it","twitter_card":"summary_large_image","twitter_misc":{"Written by":"carlo.san@tin.it","Estimated reading time":"2 minutes"},"schema":{"@context":"https:\/\/schema.org","@graph":[{"@type":"WebPage","@id":"https:\/\/www.ccaniene.com\/en\/alessia-scortechini-oro-nei-50sl-ai-campionati-europei-paralimpici\/","url":"https:\/\/www.ccaniene.com\/en\/alessia-scortechini-oro-nei-50sl-ai-campionati-europei-paralimpici\/","name":"Alessia Scortechini oro nei 50sl ai campionati Europei paralimpici - Circolo Canottieri Aniene","isPartOf":{"@id":"http:\/\/www.ccaniene.com\/it_it\/#website"},"primaryImageOfPage":{"@id":"https:\/\/www.ccaniene.com\/en\/alessia-scortechini-oro-nei-50sl-ai-campionati-europei-paralimpici\/#primaryimage"},"image":{"@id":"https:\/\/www.ccaniene.com\/en\/alessia-scortechini-oro-nei-50sl-ai-campionati-europei-paralimpici\/#primaryimage"},"thumbnailUrl":"http:\/\/www.ccaniene.com\/wp-content\/uploads\/2021\/05\/667C2DB1-3EDB-4899-848A-87B028F5400E.jpeg","datePublished":"2021-05-16T20:33:06+00:00","dateModified":"2021-05-17T08:48:47+00:00","author":{"@id":"http:\/\/www.ccaniene.com\/it_it\/#\/schema\/person\/6042bd0ba360674279dffd4247d570ed"},"breadcrumb":{"@id":"https:\/\/www.ccaniene.com\/en\/alessia-scortechini-oro-nei-50sl-ai-campionati-europei-paralimpici\/#breadcrumb"},"inLanguage":"en-GB","potentialAction":[{"@type":"ReadAction","target":["https:\/\/www.ccaniene.com\/en\/alessia-scortechini-oro-nei-50sl-ai-campionati-europei-paralimpici\/"]}]},{"@type":"ImageObject","inLanguage":"en-GB","@id":"https:\/\/www.ccaniene.com\/en\/alessia-scortechini-oro-nei-50sl-ai-campionati-europei-paralimpici\/#primaryimage","url":"http:\/\/www.ccaniene.com\/wp-content\/uploads\/2021\/05\/667C2DB1-3EDB-4899-848A-87B028F5400E.jpeg","contentUrl":"http:\/\/www.ccaniene.com\/wp-content\/uploads\/2021\/05\/667C2DB1-3EDB-4899-848A-87B028F5400E.jpeg","width":1600,"height":900},{"@type":"BreadcrumbList","@id":"https:\/\/www.ccaniene.com\/en\/alessia-scortechini-oro-nei-50sl-ai-campionati-europei-paralimpici\/#breadcrumb","itemListElement":[{"@type":"ListItem","position":1,"name":"Home","item":"http:\/\/www.ccaniene.com\/it_it\/"},{"@type":"ListItem","position":2,"name":"Alessia Scortechini oro nei 50sl ai campionati Europei paralimpici"}]},{"@type":"WebSite","@id":"http:\/\/www.ccaniene.com\/it_it\/#website","url":"http:\/\/www.ccaniene.com\/it_it\/","name":"Circolo Canottieri Aniene","description":"Collare d&#039;Oro e Stella d&#039;Oro al Merito Sportivo","potentialAction":[{"@type":"SearchAction","target":{"@type":"EntryPoint","urlTemplate":"http:\/\/www.ccaniene.com\/it_it\/?s={search_term_string}"},"query-input":{"@type":"PropertyValueSpecification","valueRequired":true,"valueName":"search_term_string"}}],"inLanguage":"en-GB"},{"@type":"Person","@id":"http:\/\/www.ccaniene.com\/it_it\/#\/schema\/person\/6042bd0ba360674279dffd4247d570ed","name":"carlo.san@tin.it","image":{"@type":"ImageObject","inLanguage":"en-GB","@id":"http:\/\/www.ccaniene.com\/it_it\/#\/schema\/person\/image\/","url":"http:\/\/0.gravatar.com\/avatar\/f993a459d0ffe4d666e4c917fef20ca9?s=96&d=mm&r=g","contentUrl":"http:\/\/0.gravatar.com\/avatar\/f993a459d0ffe4d666e4c917fef20ca9?s=96&d=mm&r=g","caption":"carlo.san@tin.it"},"url":"http:\/\/www.ccaniene.com\/en\/author\/carlo-santi-2\/"}]}},"_links":{"self":[{"href":"http:\/\/www.ccaniene.com\/en\/wp-json\/wp\/v2\/posts\/20581"}],"collection":[{"href":"http:\/\/www.ccaniene.com\/en\/wp-json\/wp\/v2\/posts"}],"about":[{"href":"http:\/\/www.ccaniene.com\/en\/wp-json\/wp\/v2\/types\/post"}],"author":[{"embeddable":true,"href":"http:\/\/www.ccaniene.com\/en\/wp-json\/wp\/v2\/users\/23521"}],"replies":[{"embeddable":true,"href":"http:\/\/www.ccaniene.com\/en\/wp-json\/wp\/v2\/comments?post=20581"}],"version-history":[{"count":2,"href":"http:\/\/www.ccaniene.com\/en\/wp-json\/wp\/v2\/posts\/20581\/revisions"}],"predecessor-version":[{"id":20589,"href":"http:\/\/www.ccaniene.com\/en\/wp-json\/wp\/v2\/posts\/20581\/revisions\/20589"}],"wp:featuredmedia":[{"embeddable":true,"href":"http:\/\/www.ccaniene.com\/en\/wp-json\/wp\/v2\/media\/20582"}],"wp:attachment":[{"href":"http:\/\/www.ccaniene.com\/en\/wp-json\/wp\/v2\/media?parent=20581"}],"wp:term":[{"taxonomy":"category","embeddable":true,"href":"http:\/\/www.ccaniene.com\/en\/wp-json\/wp\/v2\/categories?post=20581"},{"taxonomy":"post_tag","embeddable":true,"href":"http:\/\/www.ccaniene.com\/en\/wp-json\/wp\/v2\/tags?post=20581"}],"curies":[{"name":"wp","href":"https:\/\/api.w.org\/{rel}","templated":true}]}}