{"id":20554,"date":"2021-05-15T15:52:20","date_gmt":"2021-05-15T13:52:20","guid":{"rendered":"https:\/\/www.ccaniene.com\/?p=20554"},"modified":"2021-05-15T15:52:22","modified_gmt":"2021-05-15T13:52:22","slug":"lapertura-della-piscina","status":"publish","type":"post","link":"http:\/\/www.ccaniene.com\/en\/lapertura-della-piscina\/","title":{"rendered":"L&#8217;apertura della Piscina"},"content":{"rendered":"<p>Da oggi, sabato 15 maggio, la Piscina all&#8217;aperto del CC Aniene \u00e8 nuovamente a disposizione dei Soci. <\/p>\n\n\n\n<p>Nell&#8217;area verde della piscina \u00e8 garantita la distanza di 1,5 metri tra lettini ed \u00e8 obbligatorio l&#8217;uso della mascherina, a esclusione di quando si sta facendo il bagno oppure si sta prendendo il sole.<\/p>\n\n\n\n<p><\/p>","protected":false},"excerpt":{"rendered":"<p>Da oggi, sabato 15 maggio, la Piscina all&#8217;aperto del CC Aniene \u00e8 nuovamente a disposizione dei Soci. Nell&#8217;area verde della piscina \u00e8 garantita la distanza di 1,5 metri tra lettini ed \u00e8 obbligatorio l&#8217;uso della mascherina, a esclusione di quando si sta facendo il bagno oppure si sta prendendo il sole.<\/p>","protected":false},"author":23521,"featured_media":20555,"comment_status":"closed","ping_status":"closed","sticky":false,"template":"","format":"standard","meta":{"pmpro_default_level":0,"footnotes":"","_links_to":"","_links_to_target":""},"categories":[1],"tags":[],"class_list":["post-20554","post","type-post","status-publish","format-standard","has-post-thumbnail","hentry","category-news","pmpro-has-access"],"featured_image_urls":{"medium":"http:\/\/www.ccaniene.com\/wp-content\/uploads\/2021\/05\/piscina-800x393.jpg","large":"http:\/\/www.ccaniene.com\/wp-content\/uploads\/2021\/05\/piscina-1920x944.jpg","thumbnail":"http:\/\/www.ccaniene.com\/wp-content\/uploads\/2021\/05\/piscina-400x400.jpg","medium_large":"http:\/\/www.ccaniene.com\/wp-content\/uploads\/2021\/05\/piscina-768x378.jpg","1536x1536":"http:\/\/www.ccaniene.com\/wp-content\/uploads\/2021\/05\/piscina-1536x755.jpg","2048x2048":"http:\/\/www.ccaniene.com\/wp-content\/uploads\/2021\/05\/piscina-2048x1007.jpg","slider":"http:\/\/www.ccaniene.com\/wp-content\/uploads\/2021\/05\/piscina-1920x1080.jpg"},"appp_media":null,"yoast_head":"<!-- This site is optimized with the Yoast SEO plugin v23.6 - https:\/\/yoast.com\/wordpress\/plugins\/seo\/ -->\n<title>L&#039;apertura della Piscina - Circolo Canottieri Aniene<\/title>\n<meta name=\"robots\" content=\"index, follow, max-snippet:-1, max-image-preview:large, max-video-preview:-1\" \/>\n<link rel=\"canonical\" href=\"http:\/\/www.ccaniene.com\/en\/lapertura-della-piscina\/\" \/>\n<meta property=\"og:locale\" content=\"en_GB\" \/>\n<meta property=\"og:type\" content=\"article\" \/>\n<meta property=\"og:title\" content=\"L&#039;apertura della Piscina - Circolo Canottieri Aniene\" \/>\n<meta property=\"og:description\" content=\"Da oggi, sabato 15 maggio, la Piscina all&#8217;aperto del CC Aniene \u00e8 nuovamente a disposizione dei Soci. Nell&#8217;area verde della piscina \u00e8 garantita la distanza di 1,5 metri tra lettini ed \u00e8 obbligatorio l&#8217;uso della mascherina, a esclusione di quando si sta facendo il bagno oppure si sta prendendo il sole.\" \/>\n<meta property=\"og:url\" content=\"http:\/\/www.ccaniene.com\/en\/lapertura-della-piscina\/\" \/>\n<meta property=\"og:site_name\" content=\"Circolo Canottieri Aniene\" \/>\n<meta property=\"article:published_time\" content=\"2021-05-15T13:52:20+00:00\" \/>\n<meta property=\"article:modified_time\" content=\"2021-05-15T13:52:22+00:00\" \/>\n<meta property=\"og:image\" content=\"http:\/\/www.ccaniene.com\/wp-content\/uploads\/2021\/05\/piscina-scaled.jpg\" \/>\n\t<meta property=\"og:image:width\" content=\"2560\" \/>\n\t<meta property=\"og:image:height\" content=\"1259\" \/>\n\t<meta property=\"og:image:type\" content=\"image\/jpeg\" \/>\n<meta name=\"author\" content=\"carlo.san@tin.it\" \/>\n<meta name=\"twitter:card\" content=\"summary_large_image\" \/>\n<meta name=\"twitter:label1\" content=\"Written by\" \/>\n\t<meta name=\"twitter:data1\" content=\"carlo.san@tin.it\" \/>\n\t<meta name=\"twitter:label2\" content=\"Estimated reading time\" \/>\n\t<meta name=\"twitter:data2\" content=\"1 minute\" \/>\n<script type=\"application\/ld+json\" class=\"yoast-schema-graph\">{\"@context\":\"https:\/\/schema.org\",\"@graph\":[{\"@type\":\"WebPage\",\"@id\":\"http:\/\/www.ccaniene.com\/it_it\/lapertura-della-piscina\/\",\"url\":\"http:\/\/www.ccaniene.com\/it_it\/lapertura-della-piscina\/\",\"name\":\"L'apertura della Piscina - Circolo Canottieri Aniene\",\"isPartOf\":{\"@id\":\"http:\/\/www.ccaniene.com\/it_it\/#website\"},\"primaryImageOfPage\":{\"@id\":\"http:\/\/www.ccaniene.com\/it_it\/lapertura-della-piscina\/#primaryimage\"},\"image\":{\"@id\":\"http:\/\/www.ccaniene.com\/it_it\/lapertura-della-piscina\/#primaryimage\"},\"thumbnailUrl\":\"http:\/\/www.ccaniene.com\/wp-content\/uploads\/2021\/05\/piscina-scaled.jpg\",\"datePublished\":\"2021-05-15T13:52:20+00:00\",\"dateModified\":\"2021-05-15T13:52:22+00:00\",\"author\":{\"@id\":\"http:\/\/www.ccaniene.com\/it_it\/#\/schema\/person\/6042bd0ba360674279dffd4247d570ed\"},\"breadcrumb\":{\"@id\":\"http:\/\/www.ccaniene.com\/it_it\/lapertura-della-piscina\/#breadcrumb\"},\"inLanguage\":\"en-GB\",\"potentialAction\":[{\"@type\":\"ReadAction\",\"target\":[\"http:\/\/www.ccaniene.com\/it_it\/lapertura-della-piscina\/\"]}]},{\"@type\":\"ImageObject\",\"inLanguage\":\"en-GB\",\"@id\":\"http:\/\/www.ccaniene.com\/it_it\/lapertura-della-piscina\/#primaryimage\",\"url\":\"http:\/\/www.ccaniene.com\/wp-content\/uploads\/2021\/05\/piscina-scaled.jpg\",\"contentUrl\":\"http:\/\/www.ccaniene.com\/wp-content\/uploads\/2021\/05\/piscina-scaled.jpg\",\"width\":2560,\"height\":1259},{\"@type\":\"BreadcrumbList\",\"@id\":\"http:\/\/www.ccaniene.com\/it_it\/lapertura-della-piscina\/#breadcrumb\",\"itemListElement\":[{\"@type\":\"ListItem\",\"position\":1,\"name\":\"Home\",\"item\":\"http:\/\/www.ccaniene.com\/it_it\/\"},{\"@type\":\"ListItem\",\"position\":2,\"name\":\"L&#8217;apertura della Piscina\"}]},{\"@type\":\"WebSite\",\"@id\":\"http:\/\/www.ccaniene.com\/it_it\/#website\",\"url\":\"http:\/\/www.ccaniene.com\/it_it\/\",\"name\":\"Circolo Canottieri Aniene\",\"description\":\"Collare d&#039;Oro e Stella d&#039;Oro al Merito Sportivo\",\"potentialAction\":[{\"@type\":\"SearchAction\",\"target\":{\"@type\":\"EntryPoint\",\"urlTemplate\":\"http:\/\/www.ccaniene.com\/it_it\/?s={search_term_string}\"},\"query-input\":{\"@type\":\"PropertyValueSpecification\",\"valueRequired\":true,\"valueName\":\"search_term_string\"}}],\"inLanguage\":\"en-GB\"},{\"@type\":\"Person\",\"@id\":\"http:\/\/www.ccaniene.com\/it_it\/#\/schema\/person\/6042bd0ba360674279dffd4247d570ed\",\"name\":\"carlo.san@tin.it\",\"image\":{\"@type\":\"ImageObject\",\"inLanguage\":\"en-GB\",\"@id\":\"http:\/\/www.ccaniene.com\/it_it\/#\/schema\/person\/image\/\",\"url\":\"http:\/\/0.gravatar.com\/avatar\/f993a459d0ffe4d666e4c917fef20ca9?s=96&d=mm&r=g\",\"contentUrl\":\"http:\/\/0.gravatar.com\/avatar\/f993a459d0ffe4d666e4c917fef20ca9?s=96&d=mm&r=g\",\"caption\":\"carlo.san@tin.it\"},\"url\":\"http:\/\/www.ccaniene.com\/en\/author\/carlo-santi-2\/\"}]}<\/script>\n<!-- \/ Yoast SEO plugin. -->","yoast_head_json":{"title":"L'apertura della Piscina - Circolo Canottieri Aniene","robots":{"index":"index","follow":"follow","max-snippet":"max-snippet:-1","max-image-preview":"max-image-preview:large","max-video-preview":"max-video-preview:-1"},"canonical":"http:\/\/www.ccaniene.com\/en\/lapertura-della-piscina\/","og_locale":"en_GB","og_type":"article","og_title":"L'apertura della Piscina - Circolo Canottieri Aniene","og_description":"Da oggi, sabato 15 maggio, la Piscina all&#8217;aperto del CC Aniene \u00e8 nuovamente a disposizione dei Soci. Nell&#8217;area verde della piscina \u00e8 garantita la distanza di 1,5 metri tra lettini ed \u00e8 obbligatorio l&#8217;uso della mascherina, a esclusione di quando si sta facendo il bagno oppure si sta prendendo il sole.","og_url":"http:\/\/www.ccaniene.com\/en\/lapertura-della-piscina\/","og_site_name":"Circolo Canottieri Aniene","article_published_time":"2021-05-15T13:52:20+00:00","article_modified_time":"2021-05-15T13:52:22+00:00","og_image":[{"width":2560,"height":1259,"url":"http:\/\/www.ccaniene.com\/wp-content\/uploads\/2021\/05\/piscina-scaled.jpg","type":"image\/jpeg"}],"author":"carlo.san@tin.it","twitter_card":"summary_large_image","twitter_misc":{"Written by":"carlo.san@tin.it","Estimated reading time":"1 minute"},"schema":{"@context":"https:\/\/schema.org","@graph":[{"@type":"WebPage","@id":"http:\/\/www.ccaniene.com\/it_it\/lapertura-della-piscina\/","url":"http:\/\/www.ccaniene.com\/it_it\/lapertura-della-piscina\/","name":"L'apertura della Piscina - Circolo Canottieri Aniene","isPartOf":{"@id":"http:\/\/www.ccaniene.com\/it_it\/#website"},"primaryImageOfPage":{"@id":"http:\/\/www.ccaniene.com\/it_it\/lapertura-della-piscina\/#primaryimage"},"image":{"@id":"http:\/\/www.ccaniene.com\/it_it\/lapertura-della-piscina\/#primaryimage"},"thumbnailUrl":"http:\/\/www.ccaniene.com\/wp-content\/uploads\/2021\/05\/piscina-scaled.jpg","datePublished":"2021-05-15T13:52:20+00:00","dateModified":"2021-05-15T13:52:22+00:00","author":{"@id":"http:\/\/www.ccaniene.com\/it_it\/#\/schema\/person\/6042bd0ba360674279dffd4247d570ed"},"breadcrumb":{"@id":"http:\/\/www.ccaniene.com\/it_it\/lapertura-della-piscina\/#breadcrumb"},"inLanguage":"en-GB","potentialAction":[{"@type":"ReadAction","target":["http:\/\/www.ccaniene.com\/it_it\/lapertura-della-piscina\/"]}]},{"@type":"ImageObject","inLanguage":"en-GB","@id":"http:\/\/www.ccaniene.com\/it_it\/lapertura-della-piscina\/#primaryimage","url":"http:\/\/www.ccaniene.com\/wp-content\/uploads\/2021\/05\/piscina-scaled.jpg","contentUrl":"http:\/\/www.ccaniene.com\/wp-content\/uploads\/2021\/05\/piscina-scaled.jpg","width":2560,"height":1259},{"@type":"BreadcrumbList","@id":"http:\/\/www.ccaniene.com\/it_it\/lapertura-della-piscina\/#breadcrumb","itemListElement":[{"@type":"ListItem","position":1,"name":"Home","item":"http:\/\/www.ccaniene.com\/it_it\/"},{"@type":"ListItem","position":2,"name":"L&#8217;apertura della Piscina"}]},{"@type":"WebSite","@id":"http:\/\/www.ccaniene.com\/it_it\/#website","url":"http:\/\/www.ccaniene.com\/it_it\/","name":"Circolo Canottieri Aniene","description":"Collare d&#039;Oro e Stella d&#039;Oro al Merito Sportivo","potentialAction":[{"@type":"SearchAction","target":{"@type":"EntryPoint","urlTemplate":"http:\/\/www.ccaniene.com\/it_it\/?s={search_term_string}"},"query-input":{"@type":"PropertyValueSpecification","valueRequired":true,"valueName":"search_term_string"}}],"inLanguage":"en-GB"},{"@type":"Person","@id":"http:\/\/www.ccaniene.com\/it_it\/#\/schema\/person\/6042bd0ba360674279dffd4247d570ed","name":"carlo.san@tin.it","image":{"@type":"ImageObject","inLanguage":"en-GB","@id":"http:\/\/www.ccaniene.com\/it_it\/#\/schema\/person\/image\/","url":"http:\/\/0.gravatar.com\/avatar\/f993a459d0ffe4d666e4c917fef20ca9?s=96&d=mm&r=g","contentUrl":"http:\/\/0.gravatar.com\/avatar\/f993a459d0ffe4d666e4c917fef20ca9?s=96&d=mm&r=g","caption":"carlo.san@tin.it"},"url":"http:\/\/www.ccaniene.com\/en\/author\/carlo-santi-2\/"}]}},"_links":{"self":[{"href":"http:\/\/www.ccaniene.com\/en\/wp-json\/wp\/v2\/posts\/20554"}],"collection":[{"href":"http:\/\/www.ccaniene.com\/en\/wp-json\/wp\/v2\/posts"}],"about":[{"href":"http:\/\/www.ccaniene.com\/en\/wp-json\/wp\/v2\/types\/post"}],"author":[{"embeddable":true,"href":"http:\/\/www.ccaniene.com\/en\/wp-json\/wp\/v2\/users\/23521"}],"replies":[{"embeddable":true,"href":"http:\/\/www.ccaniene.com\/en\/wp-json\/wp\/v2\/comments?post=20554"}],"version-history":[{"count":1,"href":"http:\/\/www.ccaniene.com\/en\/wp-json\/wp\/v2\/posts\/20554\/revisions"}],"predecessor-version":[{"id":20557,"href":"http:\/\/www.ccaniene.com\/en\/wp-json\/wp\/v2\/posts\/20554\/revisions\/20557"}],"wp:featuredmedia":[{"embeddable":true,"href":"http:\/\/www.ccaniene.com\/en\/wp-json\/wp\/v2\/media\/20555"}],"wp:attachment":[{"href":"http:\/\/www.ccaniene.com\/en\/wp-json\/wp\/v2\/media?parent=20554"}],"wp:term":[{"taxonomy":"category","embeddable":true,"href":"http:\/\/www.ccaniene.com\/en\/wp-json\/wp\/v2\/categories?post=20554"},{"taxonomy":"post_tag","embeddable":true,"href":"http:\/\/www.ccaniene.com\/en\/wp-json\/wp\/v2\/tags?post=20554"}],"curies":[{"name":"wp","href":"https:\/\/api.w.org\/{rel}","templated":true}]}}