{"id":20527,"date":"2021-05-13T12:09:07","date_gmt":"2021-05-13T10:09:07","guid":{"rendered":"https:\/\/www.ccaniene.com\/?p=20527"},"modified":"2021-05-13T12:14:44","modified_gmt":"2021-05-13T10:14:44","slug":"giovanni-malago-rieletto-alla-guida-del-coni","status":"publish","type":"post","link":"http:\/\/www.ccaniene.com\/en\/giovanni-malago-rieletto-alla-guida-del-coni\/","title":{"rendered":"Giovanni Malag\u00f2 rieletto alla guida del Coni"},"content":{"rendered":"<p>Giovanni Malag\u00f2 \u00e8 stato confermato alla guida del Coni per il prossimo quadriennio. Il Presidente onorario del Circolo Canottieri Aniene, in carica dal 19 febbraio 2013, \u00e8 stato rieletto a larga maggioranza dal Consiglio Nazionale che si \u00e8 riunito a Milano, al Tennis Club Bonacossa, dove 75 anni fa (precisamente il 27 luglio 1946) Giulio Onesti venne eletto per la prima volta alla guida dell\u2019Ente.<\/p>\n\n\n\n<figure class=\"wp-block-gallery columns-1 is-cropped wp-block-gallery-1 is-layout-flex wp-block-gallery-is-layout-flex\"><ul class=\"blocks-gallery-grid\"><li class=\"blocks-gallery-item\"><figure><img fetchpriority=\"high\" decoding=\"async\" width=\"1920\" height=\"1216\" src=\"http:\/\/www.ccaniene.com\/wp-content\/uploads\/2021\/05\/malgoMilano-1920x1216.jpg\" alt=\"\" data-id=\"20530\" data-full-url=\"http:\/\/www.ccaniene.com\/wp-content\/uploads\/2021\/05\/malgoMilano-scaled.jpg\" data-link=\"https:\/\/www.ccaniene.com\/?attachment_id=20530\" class=\"wp-image-20530\" srcset=\"http:\/\/www.ccaniene.com\/wp-content\/uploads\/2021\/05\/malgoMilano-1920x1216.jpg 1920w, http:\/\/www.ccaniene.com\/wp-content\/uploads\/2021\/05\/malgoMilano-800x506.jpg 800w, http:\/\/www.ccaniene.com\/wp-content\/uploads\/2021\/05\/malgoMilano-768x486.jpg 768w, http:\/\/www.ccaniene.com\/wp-content\/uploads\/2021\/05\/malgoMilano-1536x972.jpg 1536w, http:\/\/www.ccaniene.com\/wp-content\/uploads\/2021\/05\/malgoMilano-2048x1297.jpg 2048w\" sizes=\"(max-width: 1920px) 100vw, 1920px\" \/><figcaption class=\"blocks-gallery-item__caption\">Giovanni Malag\u00f2 subito dopo l&#8217;elezione a Milano<\/figcaption><\/figure><\/li><\/ul><\/figure>\n\n\n\n<p>Malag\u00f2 ha ottenuto 55 voti (il 78,5%), superando gli sfidanti Renato Di Rocco, ex Presidente della Federciclismo, che ha incassato 13 preferenze, e l\u2019olimpionica del ciclismo, Antonella Bellutti, un voto. Malag\u00f2, 62 anni, \u00e8 al suo terzo mandato alla guida del Comitato Olimpico Nazionale Italiano. Da oggi diventa il terzo Presidente pi\u00f9 longevo nella storia del Coni dopo Giulio Onesti e Gianni Petrucci.<\/p>\n\n\n\n<p>\u00abNon mi risparmier\u00f2 per ripagare chi mi ha espresso fiducia e anche chi ha votato gli sfidanti. Voglio continuare a onorare un mondo che sento il mio &#8211; ha detto Malag\u00f2 subito dopo la rielezione &#8211; e per il quale ho preso un impegno che ho dimostrato di rispettare. Per me non esiste un ruolo pi\u00f9 bello di quello di Presidente del Coni. Siete la mia famiglia e mi troverete sempre dalla stessa parte\u00bb.<\/p>\n\n\n\n<p>Il Consiglio odierno \u00e8 stato presieduto dal Membro onorario del Cio, Franco Carraro.<\/p>\n\n\n\n<p><\/p>\n\n\n\n<figure class=\"wp-block-gallery columns-0 is-cropped wp-block-gallery-2 is-layout-flex wp-block-gallery-is-layout-flex\"><ul class=\"blocks-gallery-grid\"><\/ul><\/figure>","protected":false},"excerpt":{"rendered":"<p>Giovanni Malag\u00f2 \u00e8 stato confermato alla guida del Coni per il prossimo quadriennio. Il Presidente onorario del Circolo Canottieri Aniene, in carica dal 19 febbraio 2013, \u00e8 stato rieletto a larga maggioranza dal Consiglio Nazionale che si \u00e8 riunito a Milano, al Tennis Club Bonacossa, dove 75 anni fa (precisamente il 27 luglio 1946) Giulio [&hellip;]<\/p>","protected":false},"author":23521,"featured_media":20528,"comment_status":"closed","ping_status":"closed","sticky":false,"template":"","format":"standard","meta":{"pmpro_default_level":0,"footnotes":"","_links_to":"","_links_to_target":""},"categories":[1],"tags":[],"class_list":["post-20527","post","type-post","status-publish","format-standard","has-post-thumbnail","hentry","category-news","pmpro-has-access"],"featured_image_urls":{"medium":"http:\/\/www.ccaniene.com\/wp-content\/uploads\/2021\/05\/granpavese-800x547.jpg","large":"http:\/\/www.ccaniene.com\/wp-content\/uploads\/2021\/05\/granpavese-1920x1312.jpg","thumbnail":"http:\/\/www.ccaniene.com\/wp-content\/uploads\/2021\/05\/granpavese-400x400.jpg","medium_large":"http:\/\/www.ccaniene.com\/wp-content\/uploads\/2021\/05\/granpavese-768x525.jpg","1536x1536":"http:\/\/www.ccaniene.com\/wp-content\/uploads\/2021\/05\/granpavese-1536x1049.jpg","2048x2048":"http:\/\/www.ccaniene.com\/wp-content\/uploads\/2021\/05\/granpavese-2048x1399.jpg","slider":"http:\/\/www.ccaniene.com\/wp-content\/uploads\/2021\/05\/granpavese-1920x1080.jpg"},"appp_media":null,"yoast_head":"<!-- This site is optimized with the Yoast SEO plugin v23.6 - https:\/\/yoast.com\/wordpress\/plugins\/seo\/ -->\n<title>Giovanni Malag\u00f2 rieletto alla guida del Coni - Circolo Canottieri Aniene<\/title>\n<meta name=\"robots\" content=\"index, follow, max-snippet:-1, max-image-preview:large, max-video-preview:-1\" \/>\n<link rel=\"canonical\" href=\"http:\/\/www.ccaniene.com\/en\/giovanni-malago-rieletto-alla-guida-del-coni\/\" \/>\n<meta property=\"og:locale\" content=\"en_GB\" \/>\n<meta property=\"og:type\" content=\"article\" \/>\n<meta property=\"og:title\" content=\"Giovanni Malag\u00f2 rieletto alla guida del Coni - Circolo Canottieri Aniene\" \/>\n<meta property=\"og:description\" content=\"Giovanni Malag\u00f2 \u00e8 stato confermato alla guida del Coni per il prossimo quadriennio. Il Presidente onorario del Circolo Canottieri Aniene, in carica dal 19 febbraio 2013, \u00e8 stato rieletto a larga maggioranza dal Consiglio Nazionale che si \u00e8 riunito a Milano, al Tennis Club Bonacossa, dove 75 anni fa (precisamente il 27 luglio 1946) Giulio [&hellip;]\" \/>\n<meta property=\"og:url\" content=\"http:\/\/www.ccaniene.com\/en\/giovanni-malago-rieletto-alla-guida-del-coni\/\" \/>\n<meta property=\"og:site_name\" content=\"Circolo Canottieri Aniene\" \/>\n<meta property=\"article:published_time\" content=\"2021-05-13T10:09:07+00:00\" \/>\n<meta property=\"article:modified_time\" content=\"2021-05-13T10:14:44+00:00\" \/>\n<meta property=\"og:image\" content=\"http:\/\/www.ccaniene.com\/wp-content\/uploads\/2021\/05\/granpavese-scaled.jpg\" \/>\n\t<meta property=\"og:image:width\" content=\"2560\" \/>\n\t<meta property=\"og:image:height\" content=\"1749\" \/>\n\t<meta property=\"og:image:type\" content=\"image\/jpeg\" \/>\n<meta name=\"author\" content=\"carlo.san@tin.it\" \/>\n<meta name=\"twitter:card\" content=\"summary_large_image\" \/>\n<meta name=\"twitter:label1\" content=\"Written by\" \/>\n\t<meta name=\"twitter:data1\" content=\"carlo.san@tin.it\" \/>\n\t<meta name=\"twitter:label2\" content=\"Estimated reading time\" \/>\n\t<meta name=\"twitter:data2\" content=\"2 minutes\" \/>\n<script type=\"application\/ld+json\" class=\"yoast-schema-graph\">{\"@context\":\"https:\/\/schema.org\",\"@graph\":[{\"@type\":\"WebPage\",\"@id\":\"http:\/\/www.ccaniene.com\/it_it\/giovanni-malago-rieletto-alla-guida-del-coni\/\",\"url\":\"http:\/\/www.ccaniene.com\/it_it\/giovanni-malago-rieletto-alla-guida-del-coni\/\",\"name\":\"Giovanni Malag\u00f2 rieletto alla guida del Coni - Circolo Canottieri Aniene\",\"isPartOf\":{\"@id\":\"http:\/\/www.ccaniene.com\/it_it\/#website\"},\"primaryImageOfPage\":{\"@id\":\"http:\/\/www.ccaniene.com\/it_it\/giovanni-malago-rieletto-alla-guida-del-coni\/#primaryimage\"},\"image\":{\"@id\":\"http:\/\/www.ccaniene.com\/it_it\/giovanni-malago-rieletto-alla-guida-del-coni\/#primaryimage\"},\"thumbnailUrl\":\"http:\/\/www.ccaniene.com\/wp-content\/uploads\/2021\/05\/granpavese-scaled.jpg\",\"datePublished\":\"2021-05-13T10:09:07+00:00\",\"dateModified\":\"2021-05-13T10:14:44+00:00\",\"author\":{\"@id\":\"http:\/\/www.ccaniene.com\/it_it\/#\/schema\/person\/6042bd0ba360674279dffd4247d570ed\"},\"breadcrumb\":{\"@id\":\"http:\/\/www.ccaniene.com\/it_it\/giovanni-malago-rieletto-alla-guida-del-coni\/#breadcrumb\"},\"inLanguage\":\"en-GB\",\"potentialAction\":[{\"@type\":\"ReadAction\",\"target\":[\"http:\/\/www.ccaniene.com\/it_it\/giovanni-malago-rieletto-alla-guida-del-coni\/\"]}]},{\"@type\":\"ImageObject\",\"inLanguage\":\"en-GB\",\"@id\":\"http:\/\/www.ccaniene.com\/it_it\/giovanni-malago-rieletto-alla-guida-del-coni\/#primaryimage\",\"url\":\"http:\/\/www.ccaniene.com\/wp-content\/uploads\/2021\/05\/granpavese-scaled.jpg\",\"contentUrl\":\"http:\/\/www.ccaniene.com\/wp-content\/uploads\/2021\/05\/granpavese-scaled.jpg\",\"width\":2560,\"height\":1749},{\"@type\":\"BreadcrumbList\",\"@id\":\"http:\/\/www.ccaniene.com\/it_it\/giovanni-malago-rieletto-alla-guida-del-coni\/#breadcrumb\",\"itemListElement\":[{\"@type\":\"ListItem\",\"position\":1,\"name\":\"Home\",\"item\":\"http:\/\/www.ccaniene.com\/it_it\/\"},{\"@type\":\"ListItem\",\"position\":2,\"name\":\"Giovanni Malag\u00f2 rieletto alla guida del Coni\"}]},{\"@type\":\"WebSite\",\"@id\":\"http:\/\/www.ccaniene.com\/it_it\/#website\",\"url\":\"http:\/\/www.ccaniene.com\/it_it\/\",\"name\":\"Circolo Canottieri Aniene\",\"description\":\"Collare d&#039;Oro e Stella d&#039;Oro al Merito Sportivo\",\"potentialAction\":[{\"@type\":\"SearchAction\",\"target\":{\"@type\":\"EntryPoint\",\"urlTemplate\":\"http:\/\/www.ccaniene.com\/it_it\/?s={search_term_string}\"},\"query-input\":{\"@type\":\"PropertyValueSpecification\",\"valueRequired\":true,\"valueName\":\"search_term_string\"}}],\"inLanguage\":\"en-GB\"},{\"@type\":\"Person\",\"@id\":\"http:\/\/www.ccaniene.com\/it_it\/#\/schema\/person\/6042bd0ba360674279dffd4247d570ed\",\"name\":\"carlo.san@tin.it\",\"image\":{\"@type\":\"ImageObject\",\"inLanguage\":\"en-GB\",\"@id\":\"http:\/\/www.ccaniene.com\/it_it\/#\/schema\/person\/image\/\",\"url\":\"http:\/\/0.gravatar.com\/avatar\/f993a459d0ffe4d666e4c917fef20ca9?s=96&d=mm&r=g\",\"contentUrl\":\"http:\/\/0.gravatar.com\/avatar\/f993a459d0ffe4d666e4c917fef20ca9?s=96&d=mm&r=g\",\"caption\":\"carlo.san@tin.it\"},\"url\":\"http:\/\/www.ccaniene.com\/en\/author\/carlo-santi-2\/\"}]}<\/script>\n<!-- \/ Yoast SEO plugin. -->","yoast_head_json":{"title":"Giovanni Malag\u00f2 rieletto alla guida del Coni - Circolo Canottieri Aniene","robots":{"index":"index","follow":"follow","max-snippet":"max-snippet:-1","max-image-preview":"max-image-preview:large","max-video-preview":"max-video-preview:-1"},"canonical":"http:\/\/www.ccaniene.com\/en\/giovanni-malago-rieletto-alla-guida-del-coni\/","og_locale":"en_GB","og_type":"article","og_title":"Giovanni Malag\u00f2 rieletto alla guida del Coni - Circolo Canottieri Aniene","og_description":"Giovanni Malag\u00f2 \u00e8 stato confermato alla guida del Coni per il prossimo quadriennio. Il Presidente onorario del Circolo Canottieri Aniene, in carica dal 19 febbraio 2013, \u00e8 stato rieletto a larga maggioranza dal Consiglio Nazionale che si \u00e8 riunito a Milano, al Tennis Club Bonacossa, dove 75 anni fa (precisamente il 27 luglio 1946) Giulio [&hellip;]","og_url":"http:\/\/www.ccaniene.com\/en\/giovanni-malago-rieletto-alla-guida-del-coni\/","og_site_name":"Circolo Canottieri Aniene","article_published_time":"2021-05-13T10:09:07+00:00","article_modified_time":"2021-05-13T10:14:44+00:00","og_image":[{"width":2560,"height":1749,"url":"http:\/\/www.ccaniene.com\/wp-content\/uploads\/2021\/05\/granpavese-scaled.jpg","type":"image\/jpeg"}],"author":"carlo.san@tin.it","twitter_card":"summary_large_image","twitter_misc":{"Written by":"carlo.san@tin.it","Estimated reading time":"2 minutes"},"schema":{"@context":"https:\/\/schema.org","@graph":[{"@type":"WebPage","@id":"http:\/\/www.ccaniene.com\/it_it\/giovanni-malago-rieletto-alla-guida-del-coni\/","url":"http:\/\/www.ccaniene.com\/it_it\/giovanni-malago-rieletto-alla-guida-del-coni\/","name":"Giovanni Malag\u00f2 rieletto alla guida del Coni - Circolo Canottieri Aniene","isPartOf":{"@id":"http:\/\/www.ccaniene.com\/it_it\/#website"},"primaryImageOfPage":{"@id":"http:\/\/www.ccaniene.com\/it_it\/giovanni-malago-rieletto-alla-guida-del-coni\/#primaryimage"},"image":{"@id":"http:\/\/www.ccaniene.com\/it_it\/giovanni-malago-rieletto-alla-guida-del-coni\/#primaryimage"},"thumbnailUrl":"http:\/\/www.ccaniene.com\/wp-content\/uploads\/2021\/05\/granpavese-scaled.jpg","datePublished":"2021-05-13T10:09:07+00:00","dateModified":"2021-05-13T10:14:44+00:00","author":{"@id":"http:\/\/www.ccaniene.com\/it_it\/#\/schema\/person\/6042bd0ba360674279dffd4247d570ed"},"breadcrumb":{"@id":"http:\/\/www.ccaniene.com\/it_it\/giovanni-malago-rieletto-alla-guida-del-coni\/#breadcrumb"},"inLanguage":"en-GB","potentialAction":[{"@type":"ReadAction","target":["http:\/\/www.ccaniene.com\/it_it\/giovanni-malago-rieletto-alla-guida-del-coni\/"]}]},{"@type":"ImageObject","inLanguage":"en-GB","@id":"http:\/\/www.ccaniene.com\/it_it\/giovanni-malago-rieletto-alla-guida-del-coni\/#primaryimage","url":"http:\/\/www.ccaniene.com\/wp-content\/uploads\/2021\/05\/granpavese-scaled.jpg","contentUrl":"http:\/\/www.ccaniene.com\/wp-content\/uploads\/2021\/05\/granpavese-scaled.jpg","width":2560,"height":1749},{"@type":"BreadcrumbList","@id":"http:\/\/www.ccaniene.com\/it_it\/giovanni-malago-rieletto-alla-guida-del-coni\/#breadcrumb","itemListElement":[{"@type":"ListItem","position":1,"name":"Home","item":"http:\/\/www.ccaniene.com\/it_it\/"},{"@type":"ListItem","position":2,"name":"Giovanni Malag\u00f2 rieletto alla guida del Coni"}]},{"@type":"WebSite","@id":"http:\/\/www.ccaniene.com\/it_it\/#website","url":"http:\/\/www.ccaniene.com\/it_it\/","name":"Circolo Canottieri Aniene","description":"Collare d&#039;Oro e Stella d&#039;Oro al Merito Sportivo","potentialAction":[{"@type":"SearchAction","target":{"@type":"EntryPoint","urlTemplate":"http:\/\/www.ccaniene.com\/it_it\/?s={search_term_string}"},"query-input":{"@type":"PropertyValueSpecification","valueRequired":true,"valueName":"search_term_string"}}],"inLanguage":"en-GB"},{"@type":"Person","@id":"http:\/\/www.ccaniene.com\/it_it\/#\/schema\/person\/6042bd0ba360674279dffd4247d570ed","name":"carlo.san@tin.it","image":{"@type":"ImageObject","inLanguage":"en-GB","@id":"http:\/\/www.ccaniene.com\/it_it\/#\/schema\/person\/image\/","url":"http:\/\/0.gravatar.com\/avatar\/f993a459d0ffe4d666e4c917fef20ca9?s=96&d=mm&r=g","contentUrl":"http:\/\/0.gravatar.com\/avatar\/f993a459d0ffe4d666e4c917fef20ca9?s=96&d=mm&r=g","caption":"carlo.san@tin.it"},"url":"http:\/\/www.ccaniene.com\/en\/author\/carlo-santi-2\/"}]}},"_links":{"self":[{"href":"http:\/\/www.ccaniene.com\/en\/wp-json\/wp\/v2\/posts\/20527"}],"collection":[{"href":"http:\/\/www.ccaniene.com\/en\/wp-json\/wp\/v2\/posts"}],"about":[{"href":"http:\/\/www.ccaniene.com\/en\/wp-json\/wp\/v2\/types\/post"}],"author":[{"embeddable":true,"href":"http:\/\/www.ccaniene.com\/en\/wp-json\/wp\/v2\/users\/23521"}],"replies":[{"embeddable":true,"href":"http:\/\/www.ccaniene.com\/en\/wp-json\/wp\/v2\/comments?post=20527"}],"version-history":[{"count":4,"href":"http:\/\/www.ccaniene.com\/en\/wp-json\/wp\/v2\/posts\/20527\/revisions"}],"predecessor-version":[{"id":20537,"href":"http:\/\/www.ccaniene.com\/en\/wp-json\/wp\/v2\/posts\/20527\/revisions\/20537"}],"wp:featuredmedia":[{"embeddable":true,"href":"http:\/\/www.ccaniene.com\/en\/wp-json\/wp\/v2\/media\/20528"}],"wp:attachment":[{"href":"http:\/\/www.ccaniene.com\/en\/wp-json\/wp\/v2\/media?parent=20527"}],"wp:term":[{"taxonomy":"category","embeddable":true,"href":"http:\/\/www.ccaniene.com\/en\/wp-json\/wp\/v2\/categories?post=20527"},{"taxonomy":"post_tag","embeddable":true,"href":"http:\/\/www.ccaniene.com\/en\/wp-json\/wp\/v2\/tags?post=20527"}],"curies":[{"name":"wp","href":"https:\/\/api.w.org\/{rel}","templated":true}]}}