{"id":20496,"date":"2021-05-10T22:15:07","date_gmt":"2021-05-10T20:15:07","guid":{"rendered":"https:\/\/www.ccaniene.com\/?p=20496"},"modified":"2021-05-10T22:18:24","modified_gmt":"2021-05-10T20:18:24","slug":"agli-europei-di-budapest-andreas-larses-argento-con-il-team-event","status":"publish","type":"post","link":"http:\/\/www.ccaniene.com\/en\/agli-europei-di-budapest-andreas-larses-argento-con-il-team-event\/","title":{"rendered":"Agli Europei di Budapest Andreas Larses argento con il Team event"},"content":{"rendered":"<p>C\u2019\u00e8 subito il timbro del CC Aniene ai Campionati Europei di nuoto di Budapest. Nel primo giorno di gare, quelle dei tuffi, l\u2019Italia con il Team event ha conquistato una storica medaglia d\u2019argento e nella formazione azzurra ha gareggiato Andreas Sargent Larsen, tuffatore allenato da Benedetta Molaioli, socia per meriti sportivi del nostro Circolo.<\/p>\n\n\n\n<p>Larsen ha 22 anni ed \u00e8 italodanese. Il pap\u00e0 \u00e8 di Copenhagen e la mamma di Milano. Andreas \u00e8 al suo secondo europeo con la nazionale italiana.<\/p>\n\n\n\n<p>In questa gara l\u2019Italia non \u00e8 mai salita sul podio nelle edizioni precedenti (quinto posto a Eindhoven 2012 il miglior risultato). Quartetto assai giovane quello azzurro con Chiara Pellacani, Andreas Sargent Larsen, Sarah Jodoin Di Maria e Riccardo Giovannini che ha ottenuto il punteggio record di 428 punti (292 due anni fa, nell\u2019edizione di Kiev 2019), quasi quattro punti dietro alla Russia (431.80) ma davanti alla Germania campione in carica, oggi terza con 421 punti.<\/p>\n\n\n\n<p>Il team azzurro era al comando prima dell\u2019ultimo tuffo (sincro dalla piattaforma), superati dalla coppia russa Minibaev-Beliaeva che ha riscattato qualche errore precedentemente.<\/p>\n\n\n\n<p>\u00abCi siamo divertiti. Non ci aspettavamo grandi risultati e forse proprio questa \u00e8 stata la chiave per raggiungere addirittura il secondo posto. Stiamo bene insieme e penso si sia visto in gara\u00bb, le parole di Larsen dopo l\u2019ottimo risultato di Buapest.<\/p>\n\n\n\n<p>Italia terza dopo il primo round anche grazie alla prestazione di Larsen che nel suo triplo e mezzo rovesciato raggruppato ha avuto 80.50 punti. Al giro di boa ci sono 11 punti di vantaggio per la Russia davanti agli azzurri.<\/p>\n\n\n\n<p>Dalla piattaforma, Larsen \u00e8 stato scatenato con un quadruplo e mezzo da coefficente 3.7 e ha messo in chiaro la situazione: 88.80 punti (media dell\u2019otto e secondo miglior tuffo del lotto dietro Kuznetsov) e 362.40, ossia nove lunghezze di vantaggio sulla Russia.<\/p>\n\n\n\n<p>L\u2019Italia al comando prima del sincro piattaforma che ha chiuso il programma con questa splendida medaglia d\u2019argento.<\/p>\n\n\n\n<p>La gara del team event \u00e8 una prova a squadre: vi gareggiano due uomini e due donne che si tuffano sia dal trampolino che dalla piattaforma. <\/p>\n\n\n\n<p>Nelle foto (Andrea Staccioli \/ Inside-DBM), la formazione azzurra. In apertura, Benedetta Molaioli con Larsen<\/p>\n\n\n\n<figure class=\"wp-block-gallery columns-3 is-cropped wp-block-gallery-1 is-layout-flex wp-block-gallery-is-layout-flex\"><ul class=\"blocks-gallery-grid\"><li class=\"blocks-gallery-item\"><figure><img fetchpriority=\"high\" decoding=\"async\" width=\"800\" height=\"474\" src=\"http:\/\/www.ccaniene.com\/wp-content\/uploads\/2021\/05\/tuffi1.jpg\" alt=\"\" data-id=\"20499\" data-link=\"https:\/\/www.ccaniene.com\/?attachment_id=20499\" class=\"wp-image-20499\" srcset=\"http:\/\/www.ccaniene.com\/wp-content\/uploads\/2021\/05\/tuffi1.jpg 800w, http:\/\/www.ccaniene.com\/wp-content\/uploads\/2021\/05\/tuffi1-768x455.jpg 768w\" sizes=\"(max-width: 800px) 100vw, 800px\" \/><\/figure><\/li><li class=\"blocks-gallery-item\"><figure><img decoding=\"async\" width=\"800\" height=\"450\" src=\"http:\/\/www.ccaniene.com\/wp-content\/uploads\/2021\/05\/tuffievent.jpg\" alt=\"\" data-id=\"20501\" data-link=\"https:\/\/www.ccaniene.com\/?attachment_id=20501\" class=\"wp-image-20501\" srcset=\"http:\/\/www.ccaniene.com\/wp-content\/uploads\/2021\/05\/tuffievent.jpg 800w, http:\/\/www.ccaniene.com\/wp-content\/uploads\/2021\/05\/tuffievent-768x432.jpg 768w\" sizes=\"(max-width: 800px) 100vw, 800px\" \/><figcaption class=\"blocks-gallery-item__caption\">JODOIN DI MARIA Sarah, LARSEN Andreas Sargent,  GIOVANNINI Riccardo, PELLACANI Chiara, \rITA Silver Medal \rMixed Team Event &#8211; Final \rDiving \rBudapest  &#8211; Hungary  10\/5\/2021\rDuna Arena\rXXXV LEN European Aquatic Championships\rPhoto Andrea Staccioli \/ Deepbluemedia \/ Insidefoto<\/figcaption><\/figure><\/li><li class=\"blocks-gallery-item\"><figure><img decoding=\"async\" width=\"750\" height=\"500\" src=\"http:\/\/www.ccaniene.com\/wp-content\/uploads\/2021\/05\/tuffievent1.jpg\" alt=\"\" data-id=\"20503\" data-link=\"https:\/\/www.ccaniene.com\/?attachment_id=20503\" class=\"wp-image-20503\"\/><\/figure><\/li><li class=\"blocks-gallery-item\"><figure><img loading=\"lazy\" decoding=\"async\" width=\"800\" height=\"450\" src=\"http:\/\/www.ccaniene.com\/wp-content\/uploads\/2021\/05\/tuffievent2.jpg\" alt=\"\" data-id=\"20505\" data-full-url=\"http:\/\/www.ccaniene.com\/wp-content\/uploads\/2021\/05\/tuffievent2.jpg\" data-link=\"https:\/\/www.ccaniene.com\/?attachment_id=20505\" class=\"wp-image-20505\" srcset=\"http:\/\/www.ccaniene.com\/wp-content\/uploads\/2021\/05\/tuffievent2.jpg 800w, http:\/\/www.ccaniene.com\/wp-content\/uploads\/2021\/05\/tuffievent2-768x432.jpg 768w\" sizes=\"(max-width: 800px) 100vw, 800px\" \/><figcaption class=\"blocks-gallery-item__caption\">JODOIN DI MARIA Sarah, LARSEN Andreas Sargent,  GIOVANNINI Riccardo, PELLACANI Chiara, \rITA Silver Medal \rMixed Team Event &#8211; Final \rDiving \rBudapest  &#8211; Hungary  10\/5\/2021\rDuna Arena\rXXXV LEN European Aquatic Championships\rPhoto Andrea Staccioli \/ Deepbluemedia \/ Insidefoto<\/figcaption><\/figure><\/li><\/ul><\/figure>\n\n\n\n<p><\/p>","protected":false},"excerpt":{"rendered":"<p>C\u2019\u00e8 subito il timbro del CC Aniene ai Campionati Europei di nuoto di Budapest. Nel primo giorno di gare, quelle dei tuffi, l\u2019Italia con il Team event ha conquistato una storica medaglia d\u2019argento e nella formazione azzurra ha gareggiato Andreas Sargent Larsen, tuffatore allenato da Benedetta Molaioli, socia per meriti sportivi del nostro Circolo. Larsen [&hellip;]<\/p>","protected":false},"author":23521,"featured_media":20497,"comment_status":"closed","ping_status":"closed","sticky":false,"template":"","format":"standard","meta":{"pmpro_default_level":0,"footnotes":"","_links_to":"","_links_to_target":""},"categories":[1,89],"tags":[],"class_list":["post-20496","post","type-post","status-publish","format-standard","has-post-thumbnail","hentry","category-news","category-tuffi","pmpro-has-access"],"featured_image_urls":{"medium":"http:\/\/www.ccaniene.com\/wp-content\/uploads\/2021\/05\/medaglia-800x677.jpg","thumbnail":"http:\/\/www.ccaniene.com\/wp-content\/uploads\/2021\/05\/medaglia-400x400.jpg","medium_large":"http:\/\/www.ccaniene.com\/wp-content\/uploads\/2021\/05\/medaglia-768x650.jpg"},"appp_media":null,"yoast_head":"<!-- This site is optimized with the Yoast SEO plugin v23.6 - https:\/\/yoast.com\/wordpress\/plugins\/seo\/ -->\n<title>Agli Europei di Budapest Andreas Larses argento con il Team event - Circolo Canottieri Aniene<\/title>\n<meta name=\"robots\" content=\"index, follow, max-snippet:-1, max-image-preview:large, max-video-preview:-1\" \/>\n<link rel=\"canonical\" href=\"https:\/\/www.ccaniene.com\/en\/agli-europei-di-budapest-andreas-larses-argento-con-il-team-event\/\" \/>\n<meta property=\"og:locale\" content=\"en_GB\" \/>\n<meta property=\"og:type\" content=\"article\" \/>\n<meta property=\"og:title\" content=\"Agli Europei di Budapest Andreas Larses argento con il Team event - Circolo Canottieri Aniene\" \/>\n<meta property=\"og:description\" content=\"C\u2019\u00e8 subito il timbro del CC Aniene ai Campionati Europei di nuoto di Budapest. Nel primo giorno di gare, quelle dei tuffi, l\u2019Italia con il Team event ha conquistato una storica medaglia d\u2019argento e nella formazione azzurra ha gareggiato Andreas Sargent Larsen, tuffatore allenato da Benedetta Molaioli, socia per meriti sportivi del nostro Circolo. Larsen [&hellip;]\" \/>\n<meta property=\"og:url\" content=\"https:\/\/www.ccaniene.com\/en\/agli-europei-di-budapest-andreas-larses-argento-con-il-team-event\/\" \/>\n<meta property=\"og:site_name\" content=\"Circolo Canottieri Aniene\" \/>\n<meta property=\"article:published_time\" content=\"2021-05-10T20:15:07+00:00\" \/>\n<meta property=\"article:modified_time\" content=\"2021-05-10T20:18:24+00:00\" \/>\n<meta property=\"og:image\" content=\"https:\/\/www.ccaniene.com\/wp-content\/uploads\/2021\/05\/medaglia.jpg\" \/>\n\t<meta property=\"og:image:width\" content=\"892\" \/>\n\t<meta property=\"og:image:height\" content=\"755\" \/>\n\t<meta property=\"og:image:type\" content=\"image\/jpeg\" \/>\n<meta name=\"author\" content=\"carlo.san@tin.it\" \/>\n<meta name=\"twitter:card\" content=\"summary_large_image\" \/>\n<meta name=\"twitter:label1\" content=\"Written by\" \/>\n\t<meta name=\"twitter:data1\" content=\"carlo.san@tin.it\" \/>\n\t<meta name=\"twitter:label2\" content=\"Estimated reading time\" \/>\n\t<meta name=\"twitter:data2\" content=\"3 minutes\" \/>\n<script type=\"application\/ld+json\" class=\"yoast-schema-graph\">{\"@context\":\"https:\/\/schema.org\",\"@graph\":[{\"@type\":\"WebPage\",\"@id\":\"https:\/\/www.ccaniene.com\/en\/agli-europei-di-budapest-andreas-larses-argento-con-il-team-event\/\",\"url\":\"https:\/\/www.ccaniene.com\/en\/agli-europei-di-budapest-andreas-larses-argento-con-il-team-event\/\",\"name\":\"Agli Europei di Budapest Andreas Larses argento con il Team event - Circolo Canottieri Aniene\",\"isPartOf\":{\"@id\":\"http:\/\/www.ccaniene.com\/it_it\/#website\"},\"primaryImageOfPage\":{\"@id\":\"https:\/\/www.ccaniene.com\/en\/agli-europei-di-budapest-andreas-larses-argento-con-il-team-event\/#primaryimage\"},\"image\":{\"@id\":\"https:\/\/www.ccaniene.com\/en\/agli-europei-di-budapest-andreas-larses-argento-con-il-team-event\/#primaryimage\"},\"thumbnailUrl\":\"http:\/\/www.ccaniene.com\/wp-content\/uploads\/2021\/05\/medaglia.jpg\",\"datePublished\":\"2021-05-10T20:15:07+00:00\",\"dateModified\":\"2021-05-10T20:18:24+00:00\",\"author\":{\"@id\":\"http:\/\/www.ccaniene.com\/it_it\/#\/schema\/person\/6042bd0ba360674279dffd4247d570ed\"},\"breadcrumb\":{\"@id\":\"https:\/\/www.ccaniene.com\/en\/agli-europei-di-budapest-andreas-larses-argento-con-il-team-event\/#breadcrumb\"},\"inLanguage\":\"en-GB\",\"potentialAction\":[{\"@type\":\"ReadAction\",\"target\":[\"https:\/\/www.ccaniene.com\/en\/agli-europei-di-budapest-andreas-larses-argento-con-il-team-event\/\"]}]},{\"@type\":\"ImageObject\",\"inLanguage\":\"en-GB\",\"@id\":\"https:\/\/www.ccaniene.com\/en\/agli-europei-di-budapest-andreas-larses-argento-con-il-team-event\/#primaryimage\",\"url\":\"http:\/\/www.ccaniene.com\/wp-content\/uploads\/2021\/05\/medaglia.jpg\",\"contentUrl\":\"http:\/\/www.ccaniene.com\/wp-content\/uploads\/2021\/05\/medaglia.jpg\",\"width\":892,\"height\":755},{\"@type\":\"BreadcrumbList\",\"@id\":\"https:\/\/www.ccaniene.com\/en\/agli-europei-di-budapest-andreas-larses-argento-con-il-team-event\/#breadcrumb\",\"itemListElement\":[{\"@type\":\"ListItem\",\"position\":1,\"name\":\"Home\",\"item\":\"http:\/\/www.ccaniene.com\/it_it\/\"},{\"@type\":\"ListItem\",\"position\":2,\"name\":\"Agli Europei di Budapest Andreas Larses argento con il Team event\"}]},{\"@type\":\"WebSite\",\"@id\":\"http:\/\/www.ccaniene.com\/it_it\/#website\",\"url\":\"http:\/\/www.ccaniene.com\/it_it\/\",\"name\":\"Circolo Canottieri Aniene\",\"description\":\"Collare d&#039;Oro e Stella d&#039;Oro al Merito Sportivo\",\"potentialAction\":[{\"@type\":\"SearchAction\",\"target\":{\"@type\":\"EntryPoint\",\"urlTemplate\":\"http:\/\/www.ccaniene.com\/it_it\/?s={search_term_string}\"},\"query-input\":{\"@type\":\"PropertyValueSpecification\",\"valueRequired\":true,\"valueName\":\"search_term_string\"}}],\"inLanguage\":\"en-GB\"},{\"@type\":\"Person\",\"@id\":\"http:\/\/www.ccaniene.com\/it_it\/#\/schema\/person\/6042bd0ba360674279dffd4247d570ed\",\"name\":\"carlo.san@tin.it\",\"image\":{\"@type\":\"ImageObject\",\"inLanguage\":\"en-GB\",\"@id\":\"http:\/\/www.ccaniene.com\/it_it\/#\/schema\/person\/image\/\",\"url\":\"http:\/\/0.gravatar.com\/avatar\/f993a459d0ffe4d666e4c917fef20ca9?s=96&d=mm&r=g\",\"contentUrl\":\"http:\/\/0.gravatar.com\/avatar\/f993a459d0ffe4d666e4c917fef20ca9?s=96&d=mm&r=g\",\"caption\":\"carlo.san@tin.it\"},\"url\":\"http:\/\/www.ccaniene.com\/en\/author\/carlo-santi-2\/\"}]}<\/script>\n<!-- \/ Yoast SEO plugin. -->","yoast_head_json":{"title":"Agli Europei di Budapest Andreas Larses argento con il Team event - Circolo Canottieri Aniene","robots":{"index":"index","follow":"follow","max-snippet":"max-snippet:-1","max-image-preview":"max-image-preview:large","max-video-preview":"max-video-preview:-1"},"canonical":"https:\/\/www.ccaniene.com\/en\/agli-europei-di-budapest-andreas-larses-argento-con-il-team-event\/","og_locale":"en_GB","og_type":"article","og_title":"Agli Europei di Budapest Andreas Larses argento con il Team event - Circolo Canottieri Aniene","og_description":"C\u2019\u00e8 subito il timbro del CC Aniene ai Campionati Europei di nuoto di Budapest. Nel primo giorno di gare, quelle dei tuffi, l\u2019Italia con il Team event ha conquistato una storica medaglia d\u2019argento e nella formazione azzurra ha gareggiato Andreas Sargent Larsen, tuffatore allenato da Benedetta Molaioli, socia per meriti sportivi del nostro Circolo. Larsen [&hellip;]","og_url":"https:\/\/www.ccaniene.com\/en\/agli-europei-di-budapest-andreas-larses-argento-con-il-team-event\/","og_site_name":"Circolo Canottieri Aniene","article_published_time":"2021-05-10T20:15:07+00:00","article_modified_time":"2021-05-10T20:18:24+00:00","og_image":[{"width":892,"height":755,"url":"https:\/\/www.ccaniene.com\/wp-content\/uploads\/2021\/05\/medaglia.jpg","type":"image\/jpeg"}],"author":"carlo.san@tin.it","twitter_card":"summary_large_image","twitter_misc":{"Written by":"carlo.san@tin.it","Estimated reading time":"3 minutes"},"schema":{"@context":"https:\/\/schema.org","@graph":[{"@type":"WebPage","@id":"https:\/\/www.ccaniene.com\/en\/agli-europei-di-budapest-andreas-larses-argento-con-il-team-event\/","url":"https:\/\/www.ccaniene.com\/en\/agli-europei-di-budapest-andreas-larses-argento-con-il-team-event\/","name":"Agli Europei di Budapest Andreas Larses argento con il Team event - Circolo Canottieri Aniene","isPartOf":{"@id":"http:\/\/www.ccaniene.com\/it_it\/#website"},"primaryImageOfPage":{"@id":"https:\/\/www.ccaniene.com\/en\/agli-europei-di-budapest-andreas-larses-argento-con-il-team-event\/#primaryimage"},"image":{"@id":"https:\/\/www.ccaniene.com\/en\/agli-europei-di-budapest-andreas-larses-argento-con-il-team-event\/#primaryimage"},"thumbnailUrl":"http:\/\/www.ccaniene.com\/wp-content\/uploads\/2021\/05\/medaglia.jpg","datePublished":"2021-05-10T20:15:07+00:00","dateModified":"2021-05-10T20:18:24+00:00","author":{"@id":"http:\/\/www.ccaniene.com\/it_it\/#\/schema\/person\/6042bd0ba360674279dffd4247d570ed"},"breadcrumb":{"@id":"https:\/\/www.ccaniene.com\/en\/agli-europei-di-budapest-andreas-larses-argento-con-il-team-event\/#breadcrumb"},"inLanguage":"en-GB","potentialAction":[{"@type":"ReadAction","target":["https:\/\/www.ccaniene.com\/en\/agli-europei-di-budapest-andreas-larses-argento-con-il-team-event\/"]}]},{"@type":"ImageObject","inLanguage":"en-GB","@id":"https:\/\/www.ccaniene.com\/en\/agli-europei-di-budapest-andreas-larses-argento-con-il-team-event\/#primaryimage","url":"http:\/\/www.ccaniene.com\/wp-content\/uploads\/2021\/05\/medaglia.jpg","contentUrl":"http:\/\/www.ccaniene.com\/wp-content\/uploads\/2021\/05\/medaglia.jpg","width":892,"height":755},{"@type":"BreadcrumbList","@id":"https:\/\/www.ccaniene.com\/en\/agli-europei-di-budapest-andreas-larses-argento-con-il-team-event\/#breadcrumb","itemListElement":[{"@type":"ListItem","position":1,"name":"Home","item":"http:\/\/www.ccaniene.com\/it_it\/"},{"@type":"ListItem","position":2,"name":"Agli Europei di Budapest Andreas Larses argento con il Team event"}]},{"@type":"WebSite","@id":"http:\/\/www.ccaniene.com\/it_it\/#website","url":"http:\/\/www.ccaniene.com\/it_it\/","name":"Circolo Canottieri Aniene","description":"Collare d&#039;Oro e Stella d&#039;Oro al Merito Sportivo","potentialAction":[{"@type":"SearchAction","target":{"@type":"EntryPoint","urlTemplate":"http:\/\/www.ccaniene.com\/it_it\/?s={search_term_string}"},"query-input":{"@type":"PropertyValueSpecification","valueRequired":true,"valueName":"search_term_string"}}],"inLanguage":"en-GB"},{"@type":"Person","@id":"http:\/\/www.ccaniene.com\/it_it\/#\/schema\/person\/6042bd0ba360674279dffd4247d570ed","name":"carlo.san@tin.it","image":{"@type":"ImageObject","inLanguage":"en-GB","@id":"http:\/\/www.ccaniene.com\/it_it\/#\/schema\/person\/image\/","url":"http:\/\/0.gravatar.com\/avatar\/f993a459d0ffe4d666e4c917fef20ca9?s=96&d=mm&r=g","contentUrl":"http:\/\/0.gravatar.com\/avatar\/f993a459d0ffe4d666e4c917fef20ca9?s=96&d=mm&r=g","caption":"carlo.san@tin.it"},"url":"http:\/\/www.ccaniene.com\/en\/author\/carlo-santi-2\/"}]}},"_links":{"self":[{"href":"http:\/\/www.ccaniene.com\/en\/wp-json\/wp\/v2\/posts\/20496"}],"collection":[{"href":"http:\/\/www.ccaniene.com\/en\/wp-json\/wp\/v2\/posts"}],"about":[{"href":"http:\/\/www.ccaniene.com\/en\/wp-json\/wp\/v2\/types\/post"}],"author":[{"embeddable":true,"href":"http:\/\/www.ccaniene.com\/en\/wp-json\/wp\/v2\/users\/23521"}],"replies":[{"embeddable":true,"href":"http:\/\/www.ccaniene.com\/en\/wp-json\/wp\/v2\/comments?post=20496"}],"version-history":[{"count":2,"href":"http:\/\/www.ccaniene.com\/en\/wp-json\/wp\/v2\/posts\/20496\/revisions"}],"predecessor-version":[{"id":20509,"href":"http:\/\/www.ccaniene.com\/en\/wp-json\/wp\/v2\/posts\/20496\/revisions\/20509"}],"wp:featuredmedia":[{"embeddable":true,"href":"http:\/\/www.ccaniene.com\/en\/wp-json\/wp\/v2\/media\/20497"}],"wp:attachment":[{"href":"http:\/\/www.ccaniene.com\/en\/wp-json\/wp\/v2\/media?parent=20496"}],"wp:term":[{"taxonomy":"category","embeddable":true,"href":"http:\/\/www.ccaniene.com\/en\/wp-json\/wp\/v2\/categories?post=20496"},{"taxonomy":"post_tag","embeddable":true,"href":"http:\/\/www.ccaniene.com\/en\/wp-json\/wp\/v2\/tags?post=20496"}],"curies":[{"name":"wp","href":"https:\/\/api.w.org\/{rel}","templated":true}]}}