{"id":20447,"date":"2021-05-09T18:35:19","date_gmt":"2021-05-09T16:35:19","guid":{"rendered":"https:\/\/www.ccaniene.com\/?p=20447"},"modified":"2021-05-09T22:13:33","modified_gmt":"2021-05-09T20:13:33","slug":"ludan-2-0-cc-aniene-conquista-la-coppa-regina-dei-paesi-bassi","status":"publish","type":"post","link":"http:\/\/www.ccaniene.com\/en\/ludan-2-0-cc-aniene-conquista-la-coppa-regina-dei-paesi-bassi\/","title":{"rendered":"Ludan 2.0 &#8211; CC Aniene conquista la Coppa Regina dei Paesi Bassi"},"content":{"rendered":"<p>Luduan 2.0 &#8211; CC Aniene, il Grand Soleil 48 del socio Enrico de Crescenzo che corre con i colori del nostro Circolo e con un equipaggio composto in massima parte da soci e soci sportivi, vince in tempo reale (con un distacco importante sul secondo) e in tempo compensato la 44esima edizione della regata Coppa Regina dei Paesi Bassi che si svolge tra le isole dell\u2019Arcipelago Toscano. Regata gi\u00e0 vinta dal nostro Circolo, sempre con Luduan, nel 2019 e nel 2015 con Neo Aniene.<\/p>\n\n\n\n<p>\u00abI ragazzi sono stati bravissimi nello spingere la barca durante tutta la notte sempre al massimo e, tenuto conto che il vento \u00e8 sempre stato sostenuto, non \u00e8 stato semplice. La regata \u00e8 stata in buona parte alle andature portanti e questo ci ha favorito perch\u00e9 sono le andature dove la barca si esprime meglio. Tramonto e alba magnifici e un percorso fantastico rendono questa regata una delle pi\u00f9 belle del Tirreno. Sono entusiasta di questo equipaggio che rappresenta il giusto compromesso tra competenza, amicizia e viglia di migliorarsi giorno dopo giorno\u00bb, ci dice un Enrico entusiasta di come \u00e8 andata la regata.<\/p>\n\n\n\n<p>Nella foto della premiazione, Enrico De Crescenzo riceve dal consocio Nicola Granati la targa per l&#8217;equipaggio pi\u00f9 giovane<\/p>\n\n\n\n<figure class=\"wp-block-image size-large\"><img fetchpriority=\"high\" decoding=\"async\" width=\"1024\" height=\"682\" src=\"http:\/\/www.ccaniene.com\/wp-content\/uploads\/2021\/05\/premiazione.jpg\" alt=\"\" class=\"wp-image-20477\" srcset=\"http:\/\/www.ccaniene.com\/wp-content\/uploads\/2021\/05\/premiazione.jpg 1024w, http:\/\/www.ccaniene.com\/wp-content\/uploads\/2021\/05\/premiazione-800x533.jpg 800w, http:\/\/www.ccaniene.com\/wp-content\/uploads\/2021\/05\/premiazione-768x512.jpg 768w\" sizes=\"(max-width: 1024px) 100vw, 1024px\" \/><\/figure>\n\n\n\n<p><\/p>\n\n\n\n<figure class=\"wp-block-gallery columns-3 is-cropped wp-block-gallery-1 is-layout-flex wp-block-gallery-is-layout-flex\"><ul class=\"blocks-gallery-grid\"><li class=\"blocks-gallery-item\"><figure><img decoding=\"async\" width=\"1440\" height=\"1920\" src=\"http:\/\/www.ccaniene.com\/wp-content\/uploads\/2021\/05\/872D54AC-5F1A-42AD-8CB7-1B1D4A365AC9-1440x1920.jpeg\" alt=\"\" data-id=\"20452\" data-full-url=\"http:\/\/www.ccaniene.com\/wp-content\/uploads\/2021\/05\/872D54AC-5F1A-42AD-8CB7-1B1D4A365AC9.jpeg\" data-link=\"https:\/\/www.ccaniene.com\/ludan-2-0-cc-aniene-conquista-la-coppa-regina-dei-paesi-bassi\/872d54ac-5f1a-42ad-8cb7-1b1d4a365ac9\/\" class=\"wp-image-20452\" srcset=\"http:\/\/www.ccaniene.com\/wp-content\/uploads\/2021\/05\/872D54AC-5F1A-42AD-8CB7-1B1D4A365AC9-1440x1920.jpeg 1440w, http:\/\/www.ccaniene.com\/wp-content\/uploads\/2021\/05\/872D54AC-5F1A-42AD-8CB7-1B1D4A365AC9-600x800.jpeg 600w, http:\/\/www.ccaniene.com\/wp-content\/uploads\/2021\/05\/872D54AC-5F1A-42AD-8CB7-1B1D4A365AC9-768x1024.jpeg 768w, http:\/\/www.ccaniene.com\/wp-content\/uploads\/2021\/05\/872D54AC-5F1A-42AD-8CB7-1B1D4A365AC9-1152x1536.jpeg 1152w, http:\/\/www.ccaniene.com\/wp-content\/uploads\/2021\/05\/872D54AC-5F1A-42AD-8CB7-1B1D4A365AC9.jpeg 1536w\" sizes=\"(max-width: 1440px) 100vw, 1440px\" \/><\/figure><\/li><li class=\"blocks-gallery-item\"><figure><img decoding=\"async\" width=\"1440\" height=\"1920\" src=\"http:\/\/www.ccaniene.com\/wp-content\/uploads\/2021\/05\/51FA765D-ED8D-4D77-9927-7F7C6F6CE890-1440x1920.jpeg\" alt=\"\" data-id=\"20454\" data-full-url=\"http:\/\/www.ccaniene.com\/wp-content\/uploads\/2021\/05\/51FA765D-ED8D-4D77-9927-7F7C6F6CE890.jpeg\" data-link=\"https:\/\/www.ccaniene.com\/ludan-2-0-cc-aniene-conquista-la-coppa-regina-dei-paesi-bassi\/51fa765d-ed8d-4d77-9927-7f7c6f6ce890\/\" class=\"wp-image-20454\" srcset=\"http:\/\/www.ccaniene.com\/wp-content\/uploads\/2021\/05\/51FA765D-ED8D-4D77-9927-7F7C6F6CE890-1440x1920.jpeg 1440w, http:\/\/www.ccaniene.com\/wp-content\/uploads\/2021\/05\/51FA765D-ED8D-4D77-9927-7F7C6F6CE890-600x800.jpeg 600w, http:\/\/www.ccaniene.com\/wp-content\/uploads\/2021\/05\/51FA765D-ED8D-4D77-9927-7F7C6F6CE890-768x1024.jpeg 768w, http:\/\/www.ccaniene.com\/wp-content\/uploads\/2021\/05\/51FA765D-ED8D-4D77-9927-7F7C6F6CE890-1152x1536.jpeg 1152w, http:\/\/www.ccaniene.com\/wp-content\/uploads\/2021\/05\/51FA765D-ED8D-4D77-9927-7F7C6F6CE890.jpeg 1536w\" sizes=\"(max-width: 1440px) 100vw, 1440px\" \/><\/figure><\/li><li class=\"blocks-gallery-item\"><figure><img loading=\"lazy\" decoding=\"async\" width=\"1440\" height=\"1920\" src=\"http:\/\/www.ccaniene.com\/wp-content\/uploads\/2021\/05\/E43B65CE-2EFE-41C2-AA3E-C6E3A0913C85-1440x1920.jpeg\" alt=\"\" data-id=\"20456\" data-full-url=\"http:\/\/www.ccaniene.com\/wp-content\/uploads\/2021\/05\/E43B65CE-2EFE-41C2-AA3E-C6E3A0913C85.jpeg\" data-link=\"https:\/\/www.ccaniene.com\/ludan-2-0-cc-aniene-conquista-la-coppa-regina-dei-paesi-bassi\/e43b65ce-2efe-41c2-aa3e-c6e3a0913c85\/\" class=\"wp-image-20456\" srcset=\"http:\/\/www.ccaniene.com\/wp-content\/uploads\/2021\/05\/E43B65CE-2EFE-41C2-AA3E-C6E3A0913C85-1440x1920.jpeg 1440w, http:\/\/www.ccaniene.com\/wp-content\/uploads\/2021\/05\/E43B65CE-2EFE-41C2-AA3E-C6E3A0913C85-600x800.jpeg 600w, http:\/\/www.ccaniene.com\/wp-content\/uploads\/2021\/05\/E43B65CE-2EFE-41C2-AA3E-C6E3A0913C85-768x1024.jpeg 768w, http:\/\/www.ccaniene.com\/wp-content\/uploads\/2021\/05\/E43B65CE-2EFE-41C2-AA3E-C6E3A0913C85-1152x1536.jpeg 1152w, http:\/\/www.ccaniene.com\/wp-content\/uploads\/2021\/05\/E43B65CE-2EFE-41C2-AA3E-C6E3A0913C85.jpeg 1536w\" sizes=\"(max-width: 1440px) 100vw, 1440px\" \/><\/figure><\/li><li class=\"blocks-gallery-item\"><figure><img loading=\"lazy\" decoding=\"async\" width=\"1440\" height=\"1920\" src=\"http:\/\/www.ccaniene.com\/wp-content\/uploads\/2021\/05\/56967405-B013-4A33-A3D1-0C33D4D7A5D2-1440x1920.jpeg\" alt=\"\" data-id=\"20458\" data-full-url=\"http:\/\/www.ccaniene.com\/wp-content\/uploads\/2021\/05\/56967405-B013-4A33-A3D1-0C33D4D7A5D2.jpeg\" data-link=\"https:\/\/www.ccaniene.com\/ludan-2-0-cc-aniene-conquista-la-coppa-regina-dei-paesi-bassi\/56967405-b013-4a33-a3d1-0c33d4d7a5d2\/\" class=\"wp-image-20458\" srcset=\"http:\/\/www.ccaniene.com\/wp-content\/uploads\/2021\/05\/56967405-B013-4A33-A3D1-0C33D4D7A5D2-1440x1920.jpeg 1440w, http:\/\/www.ccaniene.com\/wp-content\/uploads\/2021\/05\/56967405-B013-4A33-A3D1-0C33D4D7A5D2-600x800.jpeg 600w, http:\/\/www.ccaniene.com\/wp-content\/uploads\/2021\/05\/56967405-B013-4A33-A3D1-0C33D4D7A5D2-768x1024.jpeg 768w, http:\/\/www.ccaniene.com\/wp-content\/uploads\/2021\/05\/56967405-B013-4A33-A3D1-0C33D4D7A5D2-1152x1536.jpeg 1152w, http:\/\/www.ccaniene.com\/wp-content\/uploads\/2021\/05\/56967405-B013-4A33-A3D1-0C33D4D7A5D2.jpeg 1536w\" sizes=\"(max-width: 1440px) 100vw, 1440px\" \/><\/figure><\/li><li class=\"blocks-gallery-item\"><figure><img loading=\"lazy\" decoding=\"async\" width=\"1440\" height=\"1920\" src=\"http:\/\/www.ccaniene.com\/wp-content\/uploads\/2021\/05\/2C9B0F3C-EFAB-4044-AD88-69E300FAFB40-1440x1920.jpeg\" alt=\"\" data-id=\"20460\" data-full-url=\"http:\/\/www.ccaniene.com\/wp-content\/uploads\/2021\/05\/2C9B0F3C-EFAB-4044-AD88-69E300FAFB40.jpeg\" data-link=\"https:\/\/www.ccaniene.com\/ludan-2-0-cc-aniene-conquista-la-coppa-regina-dei-paesi-bassi\/2c9b0f3c-efab-4044-ad88-69e300fafb40\/\" class=\"wp-image-20460\" srcset=\"http:\/\/www.ccaniene.com\/wp-content\/uploads\/2021\/05\/2C9B0F3C-EFAB-4044-AD88-69E300FAFB40-1440x1920.jpeg 1440w, http:\/\/www.ccaniene.com\/wp-content\/uploads\/2021\/05\/2C9B0F3C-EFAB-4044-AD88-69E300FAFB40-600x800.jpeg 600w, http:\/\/www.ccaniene.com\/wp-content\/uploads\/2021\/05\/2C9B0F3C-EFAB-4044-AD88-69E300FAFB40-768x1024.jpeg 768w, http:\/\/www.ccaniene.com\/wp-content\/uploads\/2021\/05\/2C9B0F3C-EFAB-4044-AD88-69E300FAFB40-1152x1536.jpeg 1152w, http:\/\/www.ccaniene.com\/wp-content\/uploads\/2021\/05\/2C9B0F3C-EFAB-4044-AD88-69E300FAFB40.jpeg 1536w\" sizes=\"(max-width: 1440px) 100vw, 1440px\" \/><\/figure><\/li><li class=\"blocks-gallery-item\"><figure><img loading=\"lazy\" decoding=\"async\" width=\"1440\" height=\"1920\" src=\"http:\/\/www.ccaniene.com\/wp-content\/uploads\/2021\/05\/24100CF9-D411-4F98-8D04-00C9686CAB10-1440x1920.jpeg\" alt=\"\" data-id=\"20462\" data-full-url=\"http:\/\/www.ccaniene.com\/wp-content\/uploads\/2021\/05\/24100CF9-D411-4F98-8D04-00C9686CAB10.jpeg\" data-link=\"https:\/\/www.ccaniene.com\/ludan-2-0-cc-aniene-conquista-la-coppa-regina-dei-paesi-bassi\/24100cf9-d411-4f98-8d04-00c9686cab10\/\" class=\"wp-image-20462\" srcset=\"http:\/\/www.ccaniene.com\/wp-content\/uploads\/2021\/05\/24100CF9-D411-4F98-8D04-00C9686CAB10-1440x1920.jpeg 1440w, http:\/\/www.ccaniene.com\/wp-content\/uploads\/2021\/05\/24100CF9-D411-4F98-8D04-00C9686CAB10-600x800.jpeg 600w, http:\/\/www.ccaniene.com\/wp-content\/uploads\/2021\/05\/24100CF9-D411-4F98-8D04-00C9686CAB10-768x1024.jpeg 768w, http:\/\/www.ccaniene.com\/wp-content\/uploads\/2021\/05\/24100CF9-D411-4F98-8D04-00C9686CAB10-1152x1536.jpeg 1152w, http:\/\/www.ccaniene.com\/wp-content\/uploads\/2021\/05\/24100CF9-D411-4F98-8D04-00C9686CAB10.jpeg 1536w\" sizes=\"(max-width: 1440px) 100vw, 1440px\" \/><\/figure><\/li><li class=\"blocks-gallery-item\"><figure><img loading=\"lazy\" decoding=\"async\" width=\"1440\" height=\"1920\" src=\"http:\/\/www.ccaniene.com\/wp-content\/uploads\/2021\/05\/288109F6-52FE-4F90-B235-BBF181D5516C-1440x1920.jpeg\" alt=\"\" data-id=\"20464\" data-full-url=\"http:\/\/www.ccaniene.com\/wp-content\/uploads\/2021\/05\/288109F6-52FE-4F90-B235-BBF181D5516C.jpeg\" data-link=\"https:\/\/www.ccaniene.com\/ludan-2-0-cc-aniene-conquista-la-coppa-regina-dei-paesi-bassi\/288109f6-52fe-4f90-b235-bbf181d5516c\/\" class=\"wp-image-20464\" srcset=\"http:\/\/www.ccaniene.com\/wp-content\/uploads\/2021\/05\/288109F6-52FE-4F90-B235-BBF181D5516C-1440x1920.jpeg 1440w, http:\/\/www.ccaniene.com\/wp-content\/uploads\/2021\/05\/288109F6-52FE-4F90-B235-BBF181D5516C-600x800.jpeg 600w, http:\/\/www.ccaniene.com\/wp-content\/uploads\/2021\/05\/288109F6-52FE-4F90-B235-BBF181D5516C-768x1024.jpeg 768w, http:\/\/www.ccaniene.com\/wp-content\/uploads\/2021\/05\/288109F6-52FE-4F90-B235-BBF181D5516C-1152x1536.jpeg 1152w, http:\/\/www.ccaniene.com\/wp-content\/uploads\/2021\/05\/288109F6-52FE-4F90-B235-BBF181D5516C.jpeg 1536w\" sizes=\"(max-width: 1440px) 100vw, 1440px\" \/><\/figure><\/li><\/ul><\/figure>","protected":false},"excerpt":{"rendered":"<p>Luduan 2.0 &#8211; CC Aniene, il Grand Soleil 48 del socio Enrico de Crescenzo che corre con i colori del nostro Circolo e con un equipaggio composto in massima parte da soci e soci sportivi, vince in tempo reale (con un distacco importante sul secondo) e in tempo compensato la 44esima edizione della regata Coppa [&hellip;]<\/p>","protected":false},"author":23521,"featured_media":20449,"comment_status":"closed","ping_status":"closed","sticky":false,"template":"","format":"standard","meta":{"pmpro_default_level":0,"footnotes":"","_links_to":"","_links_to_target":""},"categories":[1,26],"tags":[],"class_list":["post-20447","post","type-post","status-publish","format-standard","has-post-thumbnail","hentry","category-news","category-vela","pmpro-has-access"],"featured_image_urls":{"medium":"http:\/\/www.ccaniene.com\/wp-content\/uploads\/2021\/05\/EF56A601-30CB-4A99-91BE-5E08D76719FF-600x800.jpeg","large":"http:\/\/www.ccaniene.com\/wp-content\/uploads\/2021\/05\/EF56A601-30CB-4A99-91BE-5E08D76719FF-1440x1920.jpeg","thumbnail":"http:\/\/www.ccaniene.com\/wp-content\/uploads\/2021\/05\/EF56A601-30CB-4A99-91BE-5E08D76719FF-400x400.jpeg","medium_large":"http:\/\/www.ccaniene.com\/wp-content\/uploads\/2021\/05\/EF56A601-30CB-4A99-91BE-5E08D76719FF-768x1024.jpeg","1536x1536":"http:\/\/www.ccaniene.com\/wp-content\/uploads\/2021\/05\/EF56A601-30CB-4A99-91BE-5E08D76719FF-1152x1536.jpeg","slider":"http:\/\/www.ccaniene.com\/wp-content\/uploads\/2021\/05\/EF56A601-30CB-4A99-91BE-5E08D76719FF-1536x1080.jpeg"},"appp_media":null,"yoast_head":"<!-- This site is optimized with the Yoast SEO plugin v23.6 - https:\/\/yoast.com\/wordpress\/plugins\/seo\/ -->\n<title>Ludan 2.0 - CC Aniene conquista la Coppa Regina dei Paesi Bassi - Circolo Canottieri Aniene<\/title>\n<meta name=\"robots\" content=\"index, follow, max-snippet:-1, max-image-preview:large, max-video-preview:-1\" \/>\n<link rel=\"canonical\" href=\"https:\/\/www.ccaniene.com\/en\/ludan-2-0-cc-aniene-conquista-la-coppa-regina-dei-paesi-bassi\/\" \/>\n<meta property=\"og:locale\" content=\"en_GB\" \/>\n<meta property=\"og:type\" content=\"article\" \/>\n<meta property=\"og:title\" content=\"Ludan 2.0 - CC Aniene conquista la Coppa Regina dei Paesi Bassi - Circolo Canottieri Aniene\" \/>\n<meta property=\"og:description\" content=\"Luduan 2.0 &#8211; CC Aniene, il Grand Soleil 48 del socio Enrico de Crescenzo che corre con i colori del nostro Circolo e con un equipaggio composto in massima parte da soci e soci sportivi, vince in tempo reale (con un distacco importante sul secondo) e in tempo compensato la 44esima edizione della regata Coppa [&hellip;]\" \/>\n<meta property=\"og:url\" content=\"https:\/\/www.ccaniene.com\/en\/ludan-2-0-cc-aniene-conquista-la-coppa-regina-dei-paesi-bassi\/\" \/>\n<meta property=\"og:site_name\" content=\"Circolo Canottieri Aniene\" \/>\n<meta property=\"article:published_time\" content=\"2021-05-09T16:35:19+00:00\" \/>\n<meta property=\"article:modified_time\" content=\"2021-05-09T20:13:33+00:00\" \/>\n<meta property=\"og:image\" content=\"https:\/\/www.ccaniene.com\/wp-content\/uploads\/2021\/05\/EF56A601-30CB-4A99-91BE-5E08D76719FF.jpeg\" \/>\n\t<meta property=\"og:image:width\" content=\"1536\" \/>\n\t<meta property=\"og:image:height\" content=\"2048\" \/>\n\t<meta property=\"og:image:type\" content=\"image\/jpeg\" \/>\n<meta name=\"author\" content=\"carlo.san@tin.it\" \/>\n<meta name=\"twitter:card\" content=\"summary_large_image\" \/>\n<meta name=\"twitter:label1\" content=\"Written by\" \/>\n\t<meta name=\"twitter:data1\" content=\"carlo.san@tin.it\" \/>\n\t<meta name=\"twitter:label2\" content=\"Estimated reading time\" \/>\n\t<meta name=\"twitter:data2\" content=\"3 minutes\" \/>\n<script type=\"application\/ld+json\" class=\"yoast-schema-graph\">{\"@context\":\"https:\/\/schema.org\",\"@graph\":[{\"@type\":\"WebPage\",\"@id\":\"https:\/\/www.ccaniene.com\/en\/ludan-2-0-cc-aniene-conquista-la-coppa-regina-dei-paesi-bassi\/\",\"url\":\"https:\/\/www.ccaniene.com\/en\/ludan-2-0-cc-aniene-conquista-la-coppa-regina-dei-paesi-bassi\/\",\"name\":\"Ludan 2.0 - CC Aniene conquista la Coppa Regina dei Paesi Bassi - Circolo Canottieri Aniene\",\"isPartOf\":{\"@id\":\"http:\/\/www.ccaniene.com\/it_it\/#website\"},\"primaryImageOfPage\":{\"@id\":\"https:\/\/www.ccaniene.com\/en\/ludan-2-0-cc-aniene-conquista-la-coppa-regina-dei-paesi-bassi\/#primaryimage\"},\"image\":{\"@id\":\"https:\/\/www.ccaniene.com\/en\/ludan-2-0-cc-aniene-conquista-la-coppa-regina-dei-paesi-bassi\/#primaryimage\"},\"thumbnailUrl\":\"http:\/\/www.ccaniene.com\/wp-content\/uploads\/2021\/05\/EF56A601-30CB-4A99-91BE-5E08D76719FF.jpeg\",\"datePublished\":\"2021-05-09T16:35:19+00:00\",\"dateModified\":\"2021-05-09T20:13:33+00:00\",\"author\":{\"@id\":\"http:\/\/www.ccaniene.com\/it_it\/#\/schema\/person\/6042bd0ba360674279dffd4247d570ed\"},\"breadcrumb\":{\"@id\":\"https:\/\/www.ccaniene.com\/en\/ludan-2-0-cc-aniene-conquista-la-coppa-regina-dei-paesi-bassi\/#breadcrumb\"},\"inLanguage\":\"en-GB\",\"potentialAction\":[{\"@type\":\"ReadAction\",\"target\":[\"https:\/\/www.ccaniene.com\/en\/ludan-2-0-cc-aniene-conquista-la-coppa-regina-dei-paesi-bassi\/\"]}]},{\"@type\":\"ImageObject\",\"inLanguage\":\"en-GB\",\"@id\":\"https:\/\/www.ccaniene.com\/en\/ludan-2-0-cc-aniene-conquista-la-coppa-regina-dei-paesi-bassi\/#primaryimage\",\"url\":\"http:\/\/www.ccaniene.com\/wp-content\/uploads\/2021\/05\/EF56A601-30CB-4A99-91BE-5E08D76719FF.jpeg\",\"contentUrl\":\"http:\/\/www.ccaniene.com\/wp-content\/uploads\/2021\/05\/EF56A601-30CB-4A99-91BE-5E08D76719FF.jpeg\",\"width\":1536,\"height\":2048},{\"@type\":\"BreadcrumbList\",\"@id\":\"https:\/\/www.ccaniene.com\/en\/ludan-2-0-cc-aniene-conquista-la-coppa-regina-dei-paesi-bassi\/#breadcrumb\",\"itemListElement\":[{\"@type\":\"ListItem\",\"position\":1,\"name\":\"Home\",\"item\":\"http:\/\/www.ccaniene.com\/it_it\/\"},{\"@type\":\"ListItem\",\"position\":2,\"name\":\"Ludan 2.0 &#8211; CC Aniene conquista la Coppa Regina dei Paesi Bassi\"}]},{\"@type\":\"WebSite\",\"@id\":\"http:\/\/www.ccaniene.com\/it_it\/#website\",\"url\":\"http:\/\/www.ccaniene.com\/it_it\/\",\"name\":\"Circolo Canottieri Aniene\",\"description\":\"Collare d&#039;Oro e Stella d&#039;Oro al Merito Sportivo\",\"potentialAction\":[{\"@type\":\"SearchAction\",\"target\":{\"@type\":\"EntryPoint\",\"urlTemplate\":\"http:\/\/www.ccaniene.com\/it_it\/?s={search_term_string}\"},\"query-input\":{\"@type\":\"PropertyValueSpecification\",\"valueRequired\":true,\"valueName\":\"search_term_string\"}}],\"inLanguage\":\"en-GB\"},{\"@type\":\"Person\",\"@id\":\"http:\/\/www.ccaniene.com\/it_it\/#\/schema\/person\/6042bd0ba360674279dffd4247d570ed\",\"name\":\"carlo.san@tin.it\",\"image\":{\"@type\":\"ImageObject\",\"inLanguage\":\"en-GB\",\"@id\":\"http:\/\/www.ccaniene.com\/it_it\/#\/schema\/person\/image\/\",\"url\":\"http:\/\/0.gravatar.com\/avatar\/f993a459d0ffe4d666e4c917fef20ca9?s=96&d=mm&r=g\",\"contentUrl\":\"http:\/\/0.gravatar.com\/avatar\/f993a459d0ffe4d666e4c917fef20ca9?s=96&d=mm&r=g\",\"caption\":\"carlo.san@tin.it\"},\"url\":\"http:\/\/www.ccaniene.com\/en\/author\/carlo-santi-2\/\"}]}<\/script>\n<!-- \/ Yoast SEO plugin. -->","yoast_head_json":{"title":"Ludan 2.0 - CC Aniene conquista la Coppa Regina dei Paesi Bassi - Circolo Canottieri Aniene","robots":{"index":"index","follow":"follow","max-snippet":"max-snippet:-1","max-image-preview":"max-image-preview:large","max-video-preview":"max-video-preview:-1"},"canonical":"https:\/\/www.ccaniene.com\/en\/ludan-2-0-cc-aniene-conquista-la-coppa-regina-dei-paesi-bassi\/","og_locale":"en_GB","og_type":"article","og_title":"Ludan 2.0 - CC Aniene conquista la Coppa Regina dei Paesi Bassi - Circolo Canottieri Aniene","og_description":"Luduan 2.0 &#8211; CC Aniene, il Grand Soleil 48 del socio Enrico de Crescenzo che corre con i colori del nostro Circolo e con un equipaggio composto in massima parte da soci e soci sportivi, vince in tempo reale (con un distacco importante sul secondo) e in tempo compensato la 44esima edizione della regata Coppa [&hellip;]","og_url":"https:\/\/www.ccaniene.com\/en\/ludan-2-0-cc-aniene-conquista-la-coppa-regina-dei-paesi-bassi\/","og_site_name":"Circolo Canottieri Aniene","article_published_time":"2021-05-09T16:35:19+00:00","article_modified_time":"2021-05-09T20:13:33+00:00","og_image":[{"width":1536,"height":2048,"url":"https:\/\/www.ccaniene.com\/wp-content\/uploads\/2021\/05\/EF56A601-30CB-4A99-91BE-5E08D76719FF.jpeg","type":"image\/jpeg"}],"author":"carlo.san@tin.it","twitter_card":"summary_large_image","twitter_misc":{"Written by":"carlo.san@tin.it","Estimated reading time":"3 minutes"},"schema":{"@context":"https:\/\/schema.org","@graph":[{"@type":"WebPage","@id":"https:\/\/www.ccaniene.com\/en\/ludan-2-0-cc-aniene-conquista-la-coppa-regina-dei-paesi-bassi\/","url":"https:\/\/www.ccaniene.com\/en\/ludan-2-0-cc-aniene-conquista-la-coppa-regina-dei-paesi-bassi\/","name":"Ludan 2.0 - CC Aniene conquista la Coppa Regina dei Paesi Bassi - Circolo Canottieri Aniene","isPartOf":{"@id":"http:\/\/www.ccaniene.com\/it_it\/#website"},"primaryImageOfPage":{"@id":"https:\/\/www.ccaniene.com\/en\/ludan-2-0-cc-aniene-conquista-la-coppa-regina-dei-paesi-bassi\/#primaryimage"},"image":{"@id":"https:\/\/www.ccaniene.com\/en\/ludan-2-0-cc-aniene-conquista-la-coppa-regina-dei-paesi-bassi\/#primaryimage"},"thumbnailUrl":"http:\/\/www.ccaniene.com\/wp-content\/uploads\/2021\/05\/EF56A601-30CB-4A99-91BE-5E08D76719FF.jpeg","datePublished":"2021-05-09T16:35:19+00:00","dateModified":"2021-05-09T20:13:33+00:00","author":{"@id":"http:\/\/www.ccaniene.com\/it_it\/#\/schema\/person\/6042bd0ba360674279dffd4247d570ed"},"breadcrumb":{"@id":"https:\/\/www.ccaniene.com\/en\/ludan-2-0-cc-aniene-conquista-la-coppa-regina-dei-paesi-bassi\/#breadcrumb"},"inLanguage":"en-GB","potentialAction":[{"@type":"ReadAction","target":["https:\/\/www.ccaniene.com\/en\/ludan-2-0-cc-aniene-conquista-la-coppa-regina-dei-paesi-bassi\/"]}]},{"@type":"ImageObject","inLanguage":"en-GB","@id":"https:\/\/www.ccaniene.com\/en\/ludan-2-0-cc-aniene-conquista-la-coppa-regina-dei-paesi-bassi\/#primaryimage","url":"http:\/\/www.ccaniene.com\/wp-content\/uploads\/2021\/05\/EF56A601-30CB-4A99-91BE-5E08D76719FF.jpeg","contentUrl":"http:\/\/www.ccaniene.com\/wp-content\/uploads\/2021\/05\/EF56A601-30CB-4A99-91BE-5E08D76719FF.jpeg","width":1536,"height":2048},{"@type":"BreadcrumbList","@id":"https:\/\/www.ccaniene.com\/en\/ludan-2-0-cc-aniene-conquista-la-coppa-regina-dei-paesi-bassi\/#breadcrumb","itemListElement":[{"@type":"ListItem","position":1,"name":"Home","item":"http:\/\/www.ccaniene.com\/it_it\/"},{"@type":"ListItem","position":2,"name":"Ludan 2.0 &#8211; CC Aniene conquista la Coppa Regina dei Paesi Bassi"}]},{"@type":"WebSite","@id":"http:\/\/www.ccaniene.com\/it_it\/#website","url":"http:\/\/www.ccaniene.com\/it_it\/","name":"Circolo Canottieri Aniene","description":"Collare d&#039;Oro e Stella d&#039;Oro al Merito Sportivo","potentialAction":[{"@type":"SearchAction","target":{"@type":"EntryPoint","urlTemplate":"http:\/\/www.ccaniene.com\/it_it\/?s={search_term_string}"},"query-input":{"@type":"PropertyValueSpecification","valueRequired":true,"valueName":"search_term_string"}}],"inLanguage":"en-GB"},{"@type":"Person","@id":"http:\/\/www.ccaniene.com\/it_it\/#\/schema\/person\/6042bd0ba360674279dffd4247d570ed","name":"carlo.san@tin.it","image":{"@type":"ImageObject","inLanguage":"en-GB","@id":"http:\/\/www.ccaniene.com\/it_it\/#\/schema\/person\/image\/","url":"http:\/\/0.gravatar.com\/avatar\/f993a459d0ffe4d666e4c917fef20ca9?s=96&d=mm&r=g","contentUrl":"http:\/\/0.gravatar.com\/avatar\/f993a459d0ffe4d666e4c917fef20ca9?s=96&d=mm&r=g","caption":"carlo.san@tin.it"},"url":"http:\/\/www.ccaniene.com\/en\/author\/carlo-santi-2\/"}]}},"_links":{"self":[{"href":"http:\/\/www.ccaniene.com\/en\/wp-json\/wp\/v2\/posts\/20447"}],"collection":[{"href":"http:\/\/www.ccaniene.com\/en\/wp-json\/wp\/v2\/posts"}],"about":[{"href":"http:\/\/www.ccaniene.com\/en\/wp-json\/wp\/v2\/types\/post"}],"author":[{"embeddable":true,"href":"http:\/\/www.ccaniene.com\/en\/wp-json\/wp\/v2\/users\/23521"}],"replies":[{"embeddable":true,"href":"http:\/\/www.ccaniene.com\/en\/wp-json\/wp\/v2\/comments?post=20447"}],"version-history":[{"count":3,"href":"http:\/\/www.ccaniene.com\/en\/wp-json\/wp\/v2\/posts\/20447\/revisions"}],"predecessor-version":[{"id":20479,"href":"http:\/\/www.ccaniene.com\/en\/wp-json\/wp\/v2\/posts\/20447\/revisions\/20479"}],"wp:featuredmedia":[{"embeddable":true,"href":"http:\/\/www.ccaniene.com\/en\/wp-json\/wp\/v2\/media\/20449"}],"wp:attachment":[{"href":"http:\/\/www.ccaniene.com\/en\/wp-json\/wp\/v2\/media?parent=20447"}],"wp:term":[{"taxonomy":"category","embeddable":true,"href":"http:\/\/www.ccaniene.com\/en\/wp-json\/wp\/v2\/categories?post=20447"},{"taxonomy":"post_tag","embeddable":true,"href":"http:\/\/www.ccaniene.com\/en\/wp-json\/wp\/v2\/tags?post=20447"}],"curies":[{"name":"wp","href":"https:\/\/api.w.org\/{rel}","templated":true}]}}