{"id":16739,"date":"2019-04-24T14:00:43","date_gmt":"2019-04-24T12:00:43","guid":{"rendered":"https:\/\/www.ccaniene.com\/?p=16739"},"modified":"2019-04-24T19:10:04","modified_gmt":"2019-04-24T17:10:04","slug":"aquaniene-dieci-anni-di-supremazia","status":"publish","type":"post","link":"http:\/\/www.ccaniene.com\/en\/aquaniene-dieci-anni-di-supremazia\/","title":{"rendered":"Aquaniene, dieci anni di supremazia"},"content":{"rendered":"<p>Alle nove di sera del 24 aprile 2009 apriva le porte Aquaniene. Un brindisi per inaugurare una struttura all\u2019avanguardia nello sport non solo a Roma, una festa per proiettarsi nel futuro prima di dare il via alle gare, quelle del nuoto, il fiore all\u2019occhiello dell\u2019impianto.<br \/>\nIl giorno seguente, infatti, il 25 aprile di dieci anni fa, Aquaniene si proiettava subito nel suo habitat naturale, quello della competizione ospitando la finale del campionato a squadre di serie A che vide il successo dalla Canottieri Aniene.<br \/>\nDal 2007 la squadra del nostro Circolo gi\u00e0 dominava, e continua a farlo, in piscina. Difatti, da quella stagione il campionato a squadre \u00e8 stato vinto 13 volte ininterrottamente dall\u2019Aniene e da dieci anni la Coppa Brema, ossia il campionato italiano a squadre, \u00e8 una marcia trionfale per il nostro Circolo che centra la doppietta, primo sia con la formazione maschile e non quella femminile. A fermare un 13 globale \u00e8 stato, nel 2009, l\u2019Esercito primo con la formazione delle donne.<br \/>\nAquaniene per\u00f2 non \u00e8 solo questo, non \u00e8 solo Federica Pellegrini o Simona Quadarella tanto per citare qualche campione &#8211; e sono davvero tantissimi &#8211; che ne fa un autentico Centro Federale con tanto di foresteria, e non vuole esserlo.<br \/>\nLo scopo di questo meraviglioso circolo sportivo \u00e8 quello di essere al servizio di tutti, non solo degli atleti. Eccellenza per il pubblico, per i pi\u00f9 piccoli, per chi ama lo sport &#8211; non solo il nuoto &#8211; per la terza et\u00e0, per i disabili ai quali \u00e8 data grande attenzione e cura e per chi ha necessit\u00e0 di cure riabilitative. \u00abLa nostra \u00e8 una realt\u00e0 dove si pu\u00f2 trovare in acqua il bimbo di tre mesi e la persona di 99 anni &#8211; racconta Gianni Nagni che dell\u2019Aquaniene \u00e8 il direttore generale &#8211; Ci sono i campioni che preparano le Olimpiadi e le persone comuni. Credo che in nessun\u2019altra struttura sia possibile trovare tutto questo\u00bb.<\/p>\n<p><img fetchpriority=\"high\" decoding=\"async\" class=\"aligncenter size-medium wp-image-16742\" src=\"http:\/\/www.ccaniene.com\/wp-content\/uploads\/2019\/04\/IMG_0902-460x307.jpg\" alt=\"\" width=\"460\" height=\"307\" \/><br \/>\nNuoto e palestre per i frequentatori di Aquaniene, struttura no profit con i proventi che vengono investiti interamente nello sport, ma soprattutto una scuola nuoto che non solo \u00e8 all\u2019avanguardia: \u00e8 la prima in Italia con i suoi 2000 iscritti mentre ad usufruire delle strutture del Centro, tre piscine compresa quella scoperta da 50 metri e le palestre con le sale cardio e tutti i numerosi corsi, il numero \u00e8 pi\u00f9 del doppio tra giovani e adulti.<br \/>\nAquaniene \u00e8 un polo sportivo per la Capitale, una \u201cpalestra\u201d aperta tutti i giorni da mattina a sera che offre lavoro a oltre 150 dipendenti tra personale, collaboratori a progetto, istruttori e allenatori. Sport davvero per tutti in via della Moschea con servizi importanti per chi ne ha necessit\u00e0 compreso<br \/>\nAquaAnieneKids e il suo centro estivo. C\u2019\u00e8 la scuola nuoto per i disabili, diverse bambine down vengono seguite nel nuoto sincronizzato, un gruppo di ragazzi autistici seguono corsi natatori, una grande manifestazione annuale viene organizzata per i disabili intellettivi con una presenza di oltre 300 atleti.<br \/>\nTutto questo senza dimenticare la disponibilit\u00e0 gratuita ad ospitare gli studenti dell\u2019Istituto Salvini per le lezioni di educazione fisica e anche, da poche settimane, chi soffre di alzheimer dedicando loro un\u2019attenzione speciale.<\/p>","protected":false},"excerpt":{"rendered":"<p>Alle nove di sera del 24 aprile 2009 apriva le porte Aquaniene. Un brindisi per inaugurare una struttura all\u2019avanguardia nello sport non solo a Roma, una festa per proiettarsi nel futuro prima di dare il via alle gare, quelle del nuoto, il fiore all\u2019occhiello dell\u2019impianto. Il giorno seguente, infatti, il 25 aprile di dieci anni [&hellip;]<\/p>","protected":false},"author":23521,"featured_media":16740,"comment_status":"closed","ping_status":"closed","sticky":false,"template":"","format":"standard","meta":{"pmpro_default_level":0,"footnotes":"","_links_to":"","_links_to_target":""},"categories":[1,11],"tags":[],"class_list":["post-16739","post","type-post","status-publish","format-standard","has-post-thumbnail","hentry","category-news","category-nuoto","pmpro-has-access"],"featured_image_urls":{"medium":"http:\/\/www.ccaniene.com\/wp-content\/uploads\/2019\/04\/IMG_0901-800x541.jpg","thumbnail":"http:\/\/www.ccaniene.com\/wp-content\/uploads\/2019\/04\/IMG_0901-400x400.jpg","medium_large":"http:\/\/www.ccaniene.com\/wp-content\/uploads\/2019\/04\/IMG_0901-768x519.jpg"},"appp_media":null,"yoast_head":"<!-- This site is optimized with the Yoast SEO plugin v23.6 - https:\/\/yoast.com\/wordpress\/plugins\/seo\/ -->\n<title>Aquaniene, dieci anni di supremazia - Circolo Canottieri Aniene<\/title>\n<meta name=\"robots\" content=\"index, follow, max-snippet:-1, max-image-preview:large, max-video-preview:-1\" \/>\n<link rel=\"canonical\" href=\"https:\/\/www.ccaniene.com\/en\/aquaniene-dieci-anni-di-supremazia\/\" \/>\n<meta property=\"og:locale\" content=\"en_GB\" \/>\n<meta property=\"og:type\" content=\"article\" \/>\n<meta property=\"og:title\" content=\"Aquaniene, dieci anni di supremazia - Circolo Canottieri Aniene\" \/>\n<meta property=\"og:description\" content=\"Alle nove di sera del 24 aprile 2009 apriva le porte Aquaniene. Un brindisi per inaugurare una struttura all\u2019avanguardia nello sport non solo a Roma, una festa per proiettarsi nel futuro prima di dare il via alle gare, quelle del nuoto, il fiore all\u2019occhiello dell\u2019impianto. Il giorno seguente, infatti, il 25 aprile di dieci anni [&hellip;]\" \/>\n<meta property=\"og:url\" content=\"https:\/\/www.ccaniene.com\/en\/aquaniene-dieci-anni-di-supremazia\/\" \/>\n<meta property=\"og:site_name\" content=\"Circolo Canottieri Aniene\" \/>\n<meta property=\"article:published_time\" content=\"2019-04-24T12:00:43+00:00\" \/>\n<meta property=\"article:modified_time\" content=\"2019-04-24T17:10:04+00:00\" \/>\n<meta property=\"og:image\" content=\"https:\/\/www.ccaniene.com\/wp-content\/uploads\/2019\/04\/IMG_0901.jpg\" \/>\n\t<meta property=\"og:image:width\" content=\"1058\" \/>\n\t<meta property=\"og:image:height\" content=\"715\" \/>\n\t<meta property=\"og:image:type\" content=\"image\/jpeg\" \/>\n<meta name=\"author\" content=\"carlo.san@tin.it\" \/>\n<meta name=\"twitter:card\" content=\"summary_large_image\" \/>\n<meta name=\"twitter:label1\" content=\"Written by\" \/>\n\t<meta name=\"twitter:data1\" content=\"carlo.san@tin.it\" \/>\n\t<meta name=\"twitter:label2\" content=\"Estimated reading time\" \/>\n\t<meta name=\"twitter:data2\" content=\"3 minutes\" \/>\n<script type=\"application\/ld+json\" class=\"yoast-schema-graph\">{\"@context\":\"https:\/\/schema.org\",\"@graph\":[{\"@type\":\"WebPage\",\"@id\":\"https:\/\/www.ccaniene.com\/it_it\/aquaniene-dieci-anni-di-supremazia\/\",\"url\":\"https:\/\/www.ccaniene.com\/it_it\/aquaniene-dieci-anni-di-supremazia\/\",\"name\":\"Aquaniene, dieci anni di supremazia - Circolo Canottieri Aniene\",\"isPartOf\":{\"@id\":\"http:\/\/www.ccaniene.com\/it_it\/#website\"},\"primaryImageOfPage\":{\"@id\":\"https:\/\/www.ccaniene.com\/it_it\/aquaniene-dieci-anni-di-supremazia\/#primaryimage\"},\"image\":{\"@id\":\"https:\/\/www.ccaniene.com\/it_it\/aquaniene-dieci-anni-di-supremazia\/#primaryimage\"},\"thumbnailUrl\":\"http:\/\/www.ccaniene.com\/wp-content\/uploads\/2019\/04\/IMG_0901.jpg\",\"datePublished\":\"2019-04-24T12:00:43+00:00\",\"dateModified\":\"2019-04-24T17:10:04+00:00\",\"author\":{\"@id\":\"http:\/\/www.ccaniene.com\/it_it\/#\/schema\/person\/6042bd0ba360674279dffd4247d570ed\"},\"breadcrumb\":{\"@id\":\"https:\/\/www.ccaniene.com\/it_it\/aquaniene-dieci-anni-di-supremazia\/#breadcrumb\"},\"inLanguage\":\"en-GB\",\"potentialAction\":[{\"@type\":\"ReadAction\",\"target\":[\"https:\/\/www.ccaniene.com\/it_it\/aquaniene-dieci-anni-di-supremazia\/\"]}]},{\"@type\":\"ImageObject\",\"inLanguage\":\"en-GB\",\"@id\":\"https:\/\/www.ccaniene.com\/it_it\/aquaniene-dieci-anni-di-supremazia\/#primaryimage\",\"url\":\"http:\/\/www.ccaniene.com\/wp-content\/uploads\/2019\/04\/IMG_0901.jpg\",\"contentUrl\":\"http:\/\/www.ccaniene.com\/wp-content\/uploads\/2019\/04\/IMG_0901.jpg\",\"width\":1058,\"height\":715},{\"@type\":\"BreadcrumbList\",\"@id\":\"https:\/\/www.ccaniene.com\/it_it\/aquaniene-dieci-anni-di-supremazia\/#breadcrumb\",\"itemListElement\":[{\"@type\":\"ListItem\",\"position\":1,\"name\":\"Home\",\"item\":\"http:\/\/www.ccaniene.com\/it_it\/\"},{\"@type\":\"ListItem\",\"position\":2,\"name\":\"Aquaniene, dieci anni di supremazia\"}]},{\"@type\":\"WebSite\",\"@id\":\"http:\/\/www.ccaniene.com\/it_it\/#website\",\"url\":\"http:\/\/www.ccaniene.com\/it_it\/\",\"name\":\"Circolo Canottieri Aniene\",\"description\":\"Collare d&#039;Oro e Stella d&#039;Oro al Merito Sportivo\",\"potentialAction\":[{\"@type\":\"SearchAction\",\"target\":{\"@type\":\"EntryPoint\",\"urlTemplate\":\"http:\/\/www.ccaniene.com\/it_it\/?s={search_term_string}\"},\"query-input\":{\"@type\":\"PropertyValueSpecification\",\"valueRequired\":true,\"valueName\":\"search_term_string\"}}],\"inLanguage\":\"en-GB\"},{\"@type\":\"Person\",\"@id\":\"http:\/\/www.ccaniene.com\/it_it\/#\/schema\/person\/6042bd0ba360674279dffd4247d570ed\",\"name\":\"carlo.san@tin.it\",\"image\":{\"@type\":\"ImageObject\",\"inLanguage\":\"en-GB\",\"@id\":\"http:\/\/www.ccaniene.com\/it_it\/#\/schema\/person\/image\/\",\"url\":\"http:\/\/0.gravatar.com\/avatar\/f993a459d0ffe4d666e4c917fef20ca9?s=96&d=mm&r=g\",\"contentUrl\":\"http:\/\/0.gravatar.com\/avatar\/f993a459d0ffe4d666e4c917fef20ca9?s=96&d=mm&r=g\",\"caption\":\"carlo.san@tin.it\"},\"url\":\"http:\/\/www.ccaniene.com\/en\/author\/carlo-santi-2\/\"}]}<\/script>\n<!-- \/ Yoast SEO plugin. -->","yoast_head_json":{"title":"Aquaniene, dieci anni di supremazia - Circolo Canottieri Aniene","robots":{"index":"index","follow":"follow","max-snippet":"max-snippet:-1","max-image-preview":"max-image-preview:large","max-video-preview":"max-video-preview:-1"},"canonical":"https:\/\/www.ccaniene.com\/en\/aquaniene-dieci-anni-di-supremazia\/","og_locale":"en_GB","og_type":"article","og_title":"Aquaniene, dieci anni di supremazia - Circolo Canottieri Aniene","og_description":"Alle nove di sera del 24 aprile 2009 apriva le porte Aquaniene. Un brindisi per inaugurare una struttura all\u2019avanguardia nello sport non solo a Roma, una festa per proiettarsi nel futuro prima di dare il via alle gare, quelle del nuoto, il fiore all\u2019occhiello dell\u2019impianto. Il giorno seguente, infatti, il 25 aprile di dieci anni [&hellip;]","og_url":"https:\/\/www.ccaniene.com\/en\/aquaniene-dieci-anni-di-supremazia\/","og_site_name":"Circolo Canottieri Aniene","article_published_time":"2019-04-24T12:00:43+00:00","article_modified_time":"2019-04-24T17:10:04+00:00","og_image":[{"width":1058,"height":715,"url":"https:\/\/www.ccaniene.com\/wp-content\/uploads\/2019\/04\/IMG_0901.jpg","type":"image\/jpeg"}],"author":"carlo.san@tin.it","twitter_card":"summary_large_image","twitter_misc":{"Written by":"carlo.san@tin.it","Estimated reading time":"3 minutes"},"schema":{"@context":"https:\/\/schema.org","@graph":[{"@type":"WebPage","@id":"https:\/\/www.ccaniene.com\/it_it\/aquaniene-dieci-anni-di-supremazia\/","url":"https:\/\/www.ccaniene.com\/it_it\/aquaniene-dieci-anni-di-supremazia\/","name":"Aquaniene, dieci anni di supremazia - Circolo Canottieri Aniene","isPartOf":{"@id":"http:\/\/www.ccaniene.com\/it_it\/#website"},"primaryImageOfPage":{"@id":"https:\/\/www.ccaniene.com\/it_it\/aquaniene-dieci-anni-di-supremazia\/#primaryimage"},"image":{"@id":"https:\/\/www.ccaniene.com\/it_it\/aquaniene-dieci-anni-di-supremazia\/#primaryimage"},"thumbnailUrl":"http:\/\/www.ccaniene.com\/wp-content\/uploads\/2019\/04\/IMG_0901.jpg","datePublished":"2019-04-24T12:00:43+00:00","dateModified":"2019-04-24T17:10:04+00:00","author":{"@id":"http:\/\/www.ccaniene.com\/it_it\/#\/schema\/person\/6042bd0ba360674279dffd4247d570ed"},"breadcrumb":{"@id":"https:\/\/www.ccaniene.com\/it_it\/aquaniene-dieci-anni-di-supremazia\/#breadcrumb"},"inLanguage":"en-GB","potentialAction":[{"@type":"ReadAction","target":["https:\/\/www.ccaniene.com\/it_it\/aquaniene-dieci-anni-di-supremazia\/"]}]},{"@type":"ImageObject","inLanguage":"en-GB","@id":"https:\/\/www.ccaniene.com\/it_it\/aquaniene-dieci-anni-di-supremazia\/#primaryimage","url":"http:\/\/www.ccaniene.com\/wp-content\/uploads\/2019\/04\/IMG_0901.jpg","contentUrl":"http:\/\/www.ccaniene.com\/wp-content\/uploads\/2019\/04\/IMG_0901.jpg","width":1058,"height":715},{"@type":"BreadcrumbList","@id":"https:\/\/www.ccaniene.com\/it_it\/aquaniene-dieci-anni-di-supremazia\/#breadcrumb","itemListElement":[{"@type":"ListItem","position":1,"name":"Home","item":"http:\/\/www.ccaniene.com\/it_it\/"},{"@type":"ListItem","position":2,"name":"Aquaniene, dieci anni di supremazia"}]},{"@type":"WebSite","@id":"http:\/\/www.ccaniene.com\/it_it\/#website","url":"http:\/\/www.ccaniene.com\/it_it\/","name":"Circolo Canottieri Aniene","description":"Collare d&#039;Oro e Stella d&#039;Oro al Merito Sportivo","potentialAction":[{"@type":"SearchAction","target":{"@type":"EntryPoint","urlTemplate":"http:\/\/www.ccaniene.com\/it_it\/?s={search_term_string}"},"query-input":{"@type":"PropertyValueSpecification","valueRequired":true,"valueName":"search_term_string"}}],"inLanguage":"en-GB"},{"@type":"Person","@id":"http:\/\/www.ccaniene.com\/it_it\/#\/schema\/person\/6042bd0ba360674279dffd4247d570ed","name":"carlo.san@tin.it","image":{"@type":"ImageObject","inLanguage":"en-GB","@id":"http:\/\/www.ccaniene.com\/it_it\/#\/schema\/person\/image\/","url":"http:\/\/0.gravatar.com\/avatar\/f993a459d0ffe4d666e4c917fef20ca9?s=96&d=mm&r=g","contentUrl":"http:\/\/0.gravatar.com\/avatar\/f993a459d0ffe4d666e4c917fef20ca9?s=96&d=mm&r=g","caption":"carlo.san@tin.it"},"url":"http:\/\/www.ccaniene.com\/en\/author\/carlo-santi-2\/"}]}},"_links":{"self":[{"href":"http:\/\/www.ccaniene.com\/en\/wp-json\/wp\/v2\/posts\/16739"}],"collection":[{"href":"http:\/\/www.ccaniene.com\/en\/wp-json\/wp\/v2\/posts"}],"about":[{"href":"http:\/\/www.ccaniene.com\/en\/wp-json\/wp\/v2\/types\/post"}],"author":[{"embeddable":true,"href":"http:\/\/www.ccaniene.com\/en\/wp-json\/wp\/v2\/users\/23521"}],"replies":[{"embeddable":true,"href":"http:\/\/www.ccaniene.com\/en\/wp-json\/wp\/v2\/comments?post=16739"}],"version-history":[{"count":2,"href":"http:\/\/www.ccaniene.com\/en\/wp-json\/wp\/v2\/posts\/16739\/revisions"}],"predecessor-version":[{"id":16745,"href":"http:\/\/www.ccaniene.com\/en\/wp-json\/wp\/v2\/posts\/16739\/revisions\/16745"}],"wp:featuredmedia":[{"embeddable":true,"href":"http:\/\/www.ccaniene.com\/en\/wp-json\/wp\/v2\/media\/16740"}],"wp:attachment":[{"href":"http:\/\/www.ccaniene.com\/en\/wp-json\/wp\/v2\/media?parent=16739"}],"wp:term":[{"taxonomy":"category","embeddable":true,"href":"http:\/\/www.ccaniene.com\/en\/wp-json\/wp\/v2\/categories?post=16739"},{"taxonomy":"post_tag","embeddable":true,"href":"http:\/\/www.ccaniene.com\/en\/wp-json\/wp\/v2\/tags?post=16739"}],"curies":[{"name":"wp","href":"https:\/\/api.w.org\/{rel}","templated":true}]}}