{"id":14832,"date":"2018-04-16T17:32:42","date_gmt":"2018-04-16T15:32:42","guid":{"rendered":"https:\/\/www.ccaniene.com\/?p=14832"},"modified":"2018-04-16T20:59:48","modified_gmt":"2018-04-16T18:59:48","slug":"coppa-brema-doppietta-aniene-per-il-nono-anno-consecutivo","status":"publish","type":"post","link":"http:\/\/www.ccaniene.com\/en\/coppa-brema-doppietta-aniene-per-il-nono-anno-consecutivo\/","title":{"rendered":"Coppa Brema, doppietta Aniene per il nono anno consecutivo"},"content":{"rendered":"<p style=\"font-weight: 400;\">Non appena conclusi i Campionati Italiani Assoluti Primaverili di Nuoto e Nuoto di Fondo Indoor di Riccione con risultati di grande prestigio, quali le\u00a032 medaglie\u00a0totali conquistate nei sei giorni di gare (10 d\u2019oro, 12 d\u2019argento, 10 di bronzo), le qualificazioni per gli Europei di Glasgow 2018 per i nostri atleti\u00a0Federica Pellegrini, Simona Quadarella, Piero Codia, Margherita Panziera, Elena Di Liddo, Lucrezia Raco e Silvia Scalia\u00a0e il primato in\u00a0tutte le classifiche nazionali,\u00a0la squadra del Circolo Canottieri Aniene si \u00e8 rituffata in vasca corta sempre a Riccione domenica 15 aprile. I nostri atleti si sono aggiudicati per il nono anno consecutivo la doppietta nella Coppa Brema, valida per la finale scudetto\u00a0di Serie A 2018.<\/p>\n<p style=\"font-weight: 400;\">Nella sezione femminile l&#8217;Aniene ha totalizzato 135 punti, precedendo N.C.Azzurra (91 punti), Team Veneto (90 punti), Team Lombardia (82), Team Insubrika (80), Imolanuoto (71), Nuoto Livorno (45), Sergio De Gregorio (35). In quella maschile i nostri atleti hanno raggiunto quota 109 punti, davanti a Imolanuoto (97 punti), C.N.Torino (96.50 punti), Team Lombardia (81), De Akker Bologna (78), Florentia Nuoto (77), Vigili del Fuoco Modena (48) e Uisp Bologna (41.50).<\/p>\n<p><a href=\"http:\/\/www.ccaniene.com\/wp-content\/uploads\/2018\/04\/IMG-20180415-WA0023.jpg\"><img fetchpriority=\"high\" decoding=\"async\" class=\"aligncenter wp-image-14838 size-large\" src=\"http:\/\/www.ccaniene.com\/wp-content\/uploads\/2018\/04\/IMG-20180415-WA0023-980x653.jpg\" alt=\"\" width=\"980\" height=\"653\" \/><\/a><\/p>\n<p style=\"font-weight: 400;\">Fin dalla prime gare del mattino la squadra femminile ha dimostrato una netta superiorit\u00e0, che si \u00e8 andata via via evidenziando. Ne sono la dimostrazione la staffetta 4&#215;100 mista, che si \u00e8 aggiudicata il record nazionale assoluto\u00a0di societ\u00e0 con il crono di 3&#8217;52&#8221;88, grazie alle prove di Federica Pellegrini (frazione dorso con 57&#8221;55),\u00a0Ilaria Scarcella (frazione rana con 1&#8217;06&#8221;55),\u00a0Elena Di Liddo\u00a0(frazione farfalla con 56&#8221;44)\u00a0ed Erika Ferraioli\u00a0(frazione stile libero con 52&#8221;34).<\/p>\n<p style=\"font-weight: 400;\">Per quanto riguarda la squadra maschile la lotta per il primato in classifica \u00e8 stata un testa a testa con l\u2019Imolanuoto: soltanto con la vittoria nell\u2019ultima staffetta in programma, i nostri nuotatori sono riusciti ad aggiudicarsi lo Scudetto.<\/p>\n<p style=\"font-weight: 400;\">Di seguito i componenti delle squadre dell&#8217;Aniene. <strong>Donne<\/strong>:\u00a0Elena Di Liddo, Silvia Di Pietro, Erika Ferraioli, Elena Gemo, Margherita Panziera, Federica Pellegrini, Simona Quadarella, Lucrezia Raco, Silvia Scalia, Ilaria Scarcella, Giulia Spaziani, Teresa Strickner e Marta Verzi.\u00a0<strong>Uomini<\/strong>:\u00a0Marco Belotti, Lorenzo Benatti, Filippo Berlincioni, Francesco Bianchi, Christopher Ciccarese, Piero Codia, Valerio Coggi, Daniele D\u2019Angelo, Alex Di Giorgio, Edoardo Giorgetti, Michele Latrofa, Damiano Lestingi, Alessio Occhipinti, Matteo Pelizzari, Giovanni Sorriso e Lorenzo Tarocchi.<\/p>\n<p style=\"font-weight: 400;\">","protected":false},"excerpt":{"rendered":"<p>Non appena conclusi i Campionati Italiani Assoluti Primaverili di Nuoto e Nuoto di Fondo Indoor di Riccione con risultati di grande prestigio, quali le\u00a032 medaglie\u00a0totali conquistate nei sei giorni di gare (10 d\u2019oro, 12 d\u2019argento, 10 di bronzo), le qualificazioni per gli Europei di Glasgow 2018 per i nostri atleti\u00a0Federica Pellegrini, Simona Quadarella, Piero Codia, [&hellip;]<\/p>","protected":false},"author":23521,"featured_media":14837,"comment_status":"closed","ping_status":"closed","sticky":false,"template":"","format":"standard","meta":{"pmpro_default_level":0,"footnotes":"","_links_to":"","_links_to_target":""},"categories":[1,11],"tags":[],"class_list":["post-14832","post","type-post","status-publish","format-standard","has-post-thumbnail","hentry","category-news","category-nuoto","pmpro-has-access"],"featured_image_urls":{"medium":"http:\/\/www.ccaniene.com\/wp-content\/uploads\/2018\/04\/IMG-20180415-WA0025-800x533.jpg","thumbnail":"http:\/\/www.ccaniene.com\/wp-content\/uploads\/2018\/04\/IMG-20180415-WA0025-400x400.jpg","medium_large":"http:\/\/www.ccaniene.com\/wp-content\/uploads\/2018\/04\/IMG-20180415-WA0025-768x512.jpg","1536x1536":"http:\/\/www.ccaniene.com\/wp-content\/uploads\/2018\/04\/IMG-20180415-WA0025-1536x1023.jpg"},"appp_media":null,"yoast_head":"<!-- This site is optimized with the Yoast SEO plugin v23.6 - https:\/\/yoast.com\/wordpress\/plugins\/seo\/ -->\n<title>Coppa Brema, doppietta Aniene per il nono anno consecutivo - Circolo Canottieri Aniene<\/title>\n<meta name=\"robots\" content=\"index, follow, max-snippet:-1, max-image-preview:large, max-video-preview:-1\" \/>\n<link rel=\"canonical\" href=\"https:\/\/www.ccaniene.com\/en\/coppa-brema-doppietta-aniene-per-il-nono-anno-consecutivo\/\" \/>\n<meta property=\"og:locale\" content=\"en_GB\" \/>\n<meta property=\"og:type\" content=\"article\" \/>\n<meta property=\"og:title\" content=\"Coppa Brema, doppietta Aniene per il nono anno consecutivo - Circolo Canottieri Aniene\" \/>\n<meta property=\"og:description\" content=\"Non appena conclusi i Campionati Italiani Assoluti Primaverili di Nuoto e Nuoto di Fondo Indoor di Riccione con risultati di grande prestigio, quali le\u00a032 medaglie\u00a0totali conquistate nei sei giorni di gare (10 d\u2019oro, 12 d\u2019argento, 10 di bronzo), le qualificazioni per gli Europei di Glasgow 2018 per i nostri atleti\u00a0Federica Pellegrini, Simona Quadarella, Piero Codia, [&hellip;]\" \/>\n<meta property=\"og:url\" content=\"https:\/\/www.ccaniene.com\/en\/coppa-brema-doppietta-aniene-per-il-nono-anno-consecutivo\/\" \/>\n<meta property=\"og:site_name\" content=\"Circolo Canottieri Aniene\" \/>\n<meta property=\"article:published_time\" content=\"2018-04-16T15:32:42+00:00\" \/>\n<meta property=\"article:modified_time\" content=\"2018-04-16T18:59:48+00:00\" \/>\n<meta property=\"og:image\" content=\"https:\/\/www.ccaniene.com\/wp-content\/uploads\/2018\/04\/IMG-20180415-WA0025.jpg\" \/>\n\t<meta property=\"og:image:width\" content=\"1600\" \/>\n\t<meta property=\"og:image:height\" content=\"1066\" \/>\n\t<meta property=\"og:image:type\" content=\"image\/jpeg\" \/>\n<meta name=\"author\" content=\"carlo.san@tin.it\" \/>\n<meta name=\"twitter:card\" content=\"summary_large_image\" \/>\n<meta name=\"twitter:label1\" content=\"Written by\" \/>\n\t<meta name=\"twitter:data1\" content=\"carlo.san@tin.it\" \/>\n\t<meta name=\"twitter:label2\" content=\"Estimated reading time\" \/>\n\t<meta name=\"twitter:data2\" content=\"2 minutes\" \/>\n<script type=\"application\/ld+json\" class=\"yoast-schema-graph\">{\"@context\":\"https:\/\/schema.org\",\"@graph\":[{\"@type\":\"WebPage\",\"@id\":\"https:\/\/www.ccaniene.com\/it_it\/coppa-brema-doppietta-aniene-per-il-nono-anno-consecutivo\/\",\"url\":\"https:\/\/www.ccaniene.com\/it_it\/coppa-brema-doppietta-aniene-per-il-nono-anno-consecutivo\/\",\"name\":\"Coppa Brema, doppietta Aniene per il nono anno consecutivo - Circolo Canottieri Aniene\",\"isPartOf\":{\"@id\":\"http:\/\/www.ccaniene.com\/it_it\/#website\"},\"primaryImageOfPage\":{\"@id\":\"https:\/\/www.ccaniene.com\/it_it\/coppa-brema-doppietta-aniene-per-il-nono-anno-consecutivo\/#primaryimage\"},\"image\":{\"@id\":\"https:\/\/www.ccaniene.com\/it_it\/coppa-brema-doppietta-aniene-per-il-nono-anno-consecutivo\/#primaryimage\"},\"thumbnailUrl\":\"http:\/\/www.ccaniene.com\/wp-content\/uploads\/2018\/04\/IMG-20180415-WA0025.jpg\",\"datePublished\":\"2018-04-16T15:32:42+00:00\",\"dateModified\":\"2018-04-16T18:59:48+00:00\",\"author\":{\"@id\":\"http:\/\/www.ccaniene.com\/it_it\/#\/schema\/person\/6042bd0ba360674279dffd4247d570ed\"},\"breadcrumb\":{\"@id\":\"https:\/\/www.ccaniene.com\/it_it\/coppa-brema-doppietta-aniene-per-il-nono-anno-consecutivo\/#breadcrumb\"},\"inLanguage\":\"en-GB\",\"potentialAction\":[{\"@type\":\"ReadAction\",\"target\":[\"https:\/\/www.ccaniene.com\/it_it\/coppa-brema-doppietta-aniene-per-il-nono-anno-consecutivo\/\"]}]},{\"@type\":\"ImageObject\",\"inLanguage\":\"en-GB\",\"@id\":\"https:\/\/www.ccaniene.com\/it_it\/coppa-brema-doppietta-aniene-per-il-nono-anno-consecutivo\/#primaryimage\",\"url\":\"http:\/\/www.ccaniene.com\/wp-content\/uploads\/2018\/04\/IMG-20180415-WA0025.jpg\",\"contentUrl\":\"http:\/\/www.ccaniene.com\/wp-content\/uploads\/2018\/04\/IMG-20180415-WA0025.jpg\",\"width\":1600,\"height\":1066},{\"@type\":\"BreadcrumbList\",\"@id\":\"https:\/\/www.ccaniene.com\/it_it\/coppa-brema-doppietta-aniene-per-il-nono-anno-consecutivo\/#breadcrumb\",\"itemListElement\":[{\"@type\":\"ListItem\",\"position\":1,\"name\":\"Home\",\"item\":\"http:\/\/www.ccaniene.com\/it_it\/\"},{\"@type\":\"ListItem\",\"position\":2,\"name\":\"Coppa Brema, doppietta Aniene per il nono anno consecutivo\"}]},{\"@type\":\"WebSite\",\"@id\":\"http:\/\/www.ccaniene.com\/it_it\/#website\",\"url\":\"http:\/\/www.ccaniene.com\/it_it\/\",\"name\":\"Circolo Canottieri Aniene\",\"description\":\"Collare d&#039;Oro e Stella d&#039;Oro al Merito Sportivo\",\"potentialAction\":[{\"@type\":\"SearchAction\",\"target\":{\"@type\":\"EntryPoint\",\"urlTemplate\":\"http:\/\/www.ccaniene.com\/it_it\/?s={search_term_string}\"},\"query-input\":{\"@type\":\"PropertyValueSpecification\",\"valueRequired\":true,\"valueName\":\"search_term_string\"}}],\"inLanguage\":\"en-GB\"},{\"@type\":\"Person\",\"@id\":\"http:\/\/www.ccaniene.com\/it_it\/#\/schema\/person\/6042bd0ba360674279dffd4247d570ed\",\"name\":\"carlo.san@tin.it\",\"image\":{\"@type\":\"ImageObject\",\"inLanguage\":\"en-GB\",\"@id\":\"http:\/\/www.ccaniene.com\/it_it\/#\/schema\/person\/image\/\",\"url\":\"http:\/\/0.gravatar.com\/avatar\/f993a459d0ffe4d666e4c917fef20ca9?s=96&d=mm&r=g\",\"contentUrl\":\"http:\/\/0.gravatar.com\/avatar\/f993a459d0ffe4d666e4c917fef20ca9?s=96&d=mm&r=g\",\"caption\":\"carlo.san@tin.it\"},\"url\":\"http:\/\/www.ccaniene.com\/en\/author\/carlo-santi-2\/\"}]}<\/script>\n<!-- \/ Yoast SEO plugin. -->","yoast_head_json":{"title":"Coppa Brema, doppietta Aniene per il nono anno consecutivo - Circolo Canottieri Aniene","robots":{"index":"index","follow":"follow","max-snippet":"max-snippet:-1","max-image-preview":"max-image-preview:large","max-video-preview":"max-video-preview:-1"},"canonical":"https:\/\/www.ccaniene.com\/en\/coppa-brema-doppietta-aniene-per-il-nono-anno-consecutivo\/","og_locale":"en_GB","og_type":"article","og_title":"Coppa Brema, doppietta Aniene per il nono anno consecutivo - Circolo Canottieri Aniene","og_description":"Non appena conclusi i Campionati Italiani Assoluti Primaverili di Nuoto e Nuoto di Fondo Indoor di Riccione con risultati di grande prestigio, quali le\u00a032 medaglie\u00a0totali conquistate nei sei giorni di gare (10 d\u2019oro, 12 d\u2019argento, 10 di bronzo), le qualificazioni per gli Europei di Glasgow 2018 per i nostri atleti\u00a0Federica Pellegrini, Simona Quadarella, Piero Codia, [&hellip;]","og_url":"https:\/\/www.ccaniene.com\/en\/coppa-brema-doppietta-aniene-per-il-nono-anno-consecutivo\/","og_site_name":"Circolo Canottieri Aniene","article_published_time":"2018-04-16T15:32:42+00:00","article_modified_time":"2018-04-16T18:59:48+00:00","og_image":[{"width":1600,"height":1066,"url":"https:\/\/www.ccaniene.com\/wp-content\/uploads\/2018\/04\/IMG-20180415-WA0025.jpg","type":"image\/jpeg"}],"author":"carlo.san@tin.it","twitter_card":"summary_large_image","twitter_misc":{"Written by":"carlo.san@tin.it","Estimated reading time":"2 minutes"},"schema":{"@context":"https:\/\/schema.org","@graph":[{"@type":"WebPage","@id":"https:\/\/www.ccaniene.com\/it_it\/coppa-brema-doppietta-aniene-per-il-nono-anno-consecutivo\/","url":"https:\/\/www.ccaniene.com\/it_it\/coppa-brema-doppietta-aniene-per-il-nono-anno-consecutivo\/","name":"Coppa Brema, doppietta Aniene per il nono anno consecutivo - Circolo Canottieri Aniene","isPartOf":{"@id":"http:\/\/www.ccaniene.com\/it_it\/#website"},"primaryImageOfPage":{"@id":"https:\/\/www.ccaniene.com\/it_it\/coppa-brema-doppietta-aniene-per-il-nono-anno-consecutivo\/#primaryimage"},"image":{"@id":"https:\/\/www.ccaniene.com\/it_it\/coppa-brema-doppietta-aniene-per-il-nono-anno-consecutivo\/#primaryimage"},"thumbnailUrl":"http:\/\/www.ccaniene.com\/wp-content\/uploads\/2018\/04\/IMG-20180415-WA0025.jpg","datePublished":"2018-04-16T15:32:42+00:00","dateModified":"2018-04-16T18:59:48+00:00","author":{"@id":"http:\/\/www.ccaniene.com\/it_it\/#\/schema\/person\/6042bd0ba360674279dffd4247d570ed"},"breadcrumb":{"@id":"https:\/\/www.ccaniene.com\/it_it\/coppa-brema-doppietta-aniene-per-il-nono-anno-consecutivo\/#breadcrumb"},"inLanguage":"en-GB","potentialAction":[{"@type":"ReadAction","target":["https:\/\/www.ccaniene.com\/it_it\/coppa-brema-doppietta-aniene-per-il-nono-anno-consecutivo\/"]}]},{"@type":"ImageObject","inLanguage":"en-GB","@id":"https:\/\/www.ccaniene.com\/it_it\/coppa-brema-doppietta-aniene-per-il-nono-anno-consecutivo\/#primaryimage","url":"http:\/\/www.ccaniene.com\/wp-content\/uploads\/2018\/04\/IMG-20180415-WA0025.jpg","contentUrl":"http:\/\/www.ccaniene.com\/wp-content\/uploads\/2018\/04\/IMG-20180415-WA0025.jpg","width":1600,"height":1066},{"@type":"BreadcrumbList","@id":"https:\/\/www.ccaniene.com\/it_it\/coppa-brema-doppietta-aniene-per-il-nono-anno-consecutivo\/#breadcrumb","itemListElement":[{"@type":"ListItem","position":1,"name":"Home","item":"http:\/\/www.ccaniene.com\/it_it\/"},{"@type":"ListItem","position":2,"name":"Coppa Brema, doppietta Aniene per il nono anno consecutivo"}]},{"@type":"WebSite","@id":"http:\/\/www.ccaniene.com\/it_it\/#website","url":"http:\/\/www.ccaniene.com\/it_it\/","name":"Circolo Canottieri Aniene","description":"Collare d&#039;Oro e Stella d&#039;Oro al Merito Sportivo","potentialAction":[{"@type":"SearchAction","target":{"@type":"EntryPoint","urlTemplate":"http:\/\/www.ccaniene.com\/it_it\/?s={search_term_string}"},"query-input":{"@type":"PropertyValueSpecification","valueRequired":true,"valueName":"search_term_string"}}],"inLanguage":"en-GB"},{"@type":"Person","@id":"http:\/\/www.ccaniene.com\/it_it\/#\/schema\/person\/6042bd0ba360674279dffd4247d570ed","name":"carlo.san@tin.it","image":{"@type":"ImageObject","inLanguage":"en-GB","@id":"http:\/\/www.ccaniene.com\/it_it\/#\/schema\/person\/image\/","url":"http:\/\/0.gravatar.com\/avatar\/f993a459d0ffe4d666e4c917fef20ca9?s=96&d=mm&r=g","contentUrl":"http:\/\/0.gravatar.com\/avatar\/f993a459d0ffe4d666e4c917fef20ca9?s=96&d=mm&r=g","caption":"carlo.san@tin.it"},"url":"http:\/\/www.ccaniene.com\/en\/author\/carlo-santi-2\/"}]}},"_links":{"self":[{"href":"http:\/\/www.ccaniene.com\/en\/wp-json\/wp\/v2\/posts\/14832"}],"collection":[{"href":"http:\/\/www.ccaniene.com\/en\/wp-json\/wp\/v2\/posts"}],"about":[{"href":"http:\/\/www.ccaniene.com\/en\/wp-json\/wp\/v2\/types\/post"}],"author":[{"embeddable":true,"href":"http:\/\/www.ccaniene.com\/en\/wp-json\/wp\/v2\/users\/23521"}],"replies":[{"embeddable":true,"href":"http:\/\/www.ccaniene.com\/en\/wp-json\/wp\/v2\/comments?post=14832"}],"version-history":[{"count":5,"href":"http:\/\/www.ccaniene.com\/en\/wp-json\/wp\/v2\/posts\/14832\/revisions"}],"predecessor-version":[{"id":14848,"href":"http:\/\/www.ccaniene.com\/en\/wp-json\/wp\/v2\/posts\/14832\/revisions\/14848"}],"wp:featuredmedia":[{"embeddable":true,"href":"http:\/\/www.ccaniene.com\/en\/wp-json\/wp\/v2\/media\/14837"}],"wp:attachment":[{"href":"http:\/\/www.ccaniene.com\/en\/wp-json\/wp\/v2\/media?parent=14832"}],"wp:term":[{"taxonomy":"category","embeddable":true,"href":"http:\/\/www.ccaniene.com\/en\/wp-json\/wp\/v2\/categories?post=14832"},{"taxonomy":"post_tag","embeddable":true,"href":"http:\/\/www.ccaniene.com\/en\/wp-json\/wp\/v2\/tags?post=14832"}],"curies":[{"name":"wp","href":"https:\/\/api.w.org\/{rel}","templated":true}]}}